{"id":9016,"date":"2026-04-06T11:05:36","date_gmt":"2026-04-06T10:05:36","guid":{"rendered":"https:\/\/colegiotorreanaz.es\/?p=9016"},"modified":"2026-04-06T11:05:43","modified_gmt":"2026-04-06T10:05:43","slug":"jornada-de-lenguas-extranjeras","status":"publish","type":"post","link":"https:\/\/colegiotorreanaz.es\/?p=9016","title":{"rendered":"Jornada de lenguas extranjeras"},"content":{"rendered":"<p><div class=\"fusion-fullwidth fullwidth-box fusion-builder-row-1 nonhundred-percent-fullwidth non-hundred-percent-height-scrolling\" style=\"background-color: rgba(255,255,255,0);background-position: left top;background-repeat: no-repeat;padding-top:0px;padding-right:0px;padding-bottom:80px;padding-left:0px;margin-bottom: 0px;margin-top: 0px;border-width: 0px 0px 0px 0px;border-color:#e7e4e2;border-style:solid;\" ><div class=\"fusion-builder-row fusion-row\"><div class=\"fusion-layout-column fusion_builder_column fusion-builder-column-0 fusion_builder_column_2_3 2_3 fusion-two-third fusion-column-first\" style=\"width:66.666666666667%;width:calc(66.666666666667% - ( ( 5% ) * 0.66666666666667 ) );margin-right: 5%;margin-top:0px;margin-bottom:40px;\"><div class=\"fusion-column-wrapper fusion-flex-column-wrapper-legacy\" style=\"background-position:left top;background-repeat:no-repeat;-webkit-background-size:cover;-moz-background-size:cover;-o-background-size:cover;background-size:cover;padding: 0px 0px 0px 0px;\"><div class=\"fusion-text fusion-text-1\"><p><strong><em>JORNADAS DE LAS LENGUAS EXTRANJERAS (INGL\u00c9S Y FRANC\u00c9S)<\/em><\/strong><\/p>\n<p>Como todos los a\u00f1os en el mes de febrero, los alumnos de ESO y Bachillerato disfrutaron en otra ocasi\u00f3n m\u00e1s de las Jornadas de las Lenguas Extranjeras organizadas por los Departamentos de Ingl\u00e9s y Franc\u00e9s de nuestro Colegio.<\/p>\n<p>Como el curso anterior, se organizaron distintas actividades l\u00fadicas de gamificaci\u00f3n en ingl\u00e9s y en franc\u00e9s, que se realizaron en las aulas de cada curso, evitando as\u00ed posibles molestias a otros profesores o asignaturas. El objetivo final fue poner en pr\u00e1ctica la lengua extranjera estudiada, a trav\u00e9s del juego y del aprendizaje, al mismo tiempo que se intent\u00f3 fomentar la competitividad sana entre rivales realizando concursos simb\u00f3licos que mantuvieron la atenci\u00f3n y la motivaci\u00f3n entre los alumnos adolescentes de la ESO y Bachillerato.<\/p>\n<p>La mayor\u00eda de las actividades realizadas fueron del gusto de los alumnos. En algunos casos, concursos culturales con multi-opciones; en otros, juegos para adivinar personajes o canciones conocidos; en otras ocasiones, se hicieron doblajes de breves escenas de pel\u00edculas en lengua extranjera; y hasta se realizaron karaokes por equipos con actuaci\u00f3n m\u00edmica incluida. La sensaci\u00f3n generalizada al final de las Jornadas fue de diversi\u00f3n y compa\u00f1erismo.<\/p>\n<p>En semanas anteriores a las Jornadas, alumnos de diferentes cursos de Bachillerato y ESO elaboraron p\u00f3sters para ambientar el colegio (que algunos cursos realizaron en la asignatura de Inform\u00e1tica), anunciando la realizaci\u00f3n de las Jornadas de las Lenguas Extranjeras los d\u00edas previstos. Tambi\u00e9n se decoraron la entrada del colegio y varios pasillos, con banderas de distintos pa\u00edses de habla inglesa y francesa, carteles, mapas de Europa, p\u00f3sters con im\u00e1genes representativas de pa\u00edses de habla inglesa o francesa, etc.<\/p>\n<p>Se puede concluir, por tanto, que, adem\u00e1s de la diversi\u00f3n propia de las actividades llevadas a cabo, los alumnos que cursan las asignaturas de Ingl\u00e9s y Franc\u00e9s han podido constatar la importancia de estas dos lenguas, a nivel europeo y mundial. No en vano el ingl\u00e9s es la lengua m\u00e1s hablada en la Uni\u00f3n Europea, seguida del franc\u00e9s, y ambos idiomas son usados de manera primordial en la primera redacci\u00f3n de todos los documentos oficiales. A nivel mundial, el ingl\u00e9s es la lengua oficial en 57 pa\u00edses, y es hablada por 1352 millones de personas. Por detr\u00e1s, el franc\u00e9s es la lengua oficial de 29 pa\u00edses del mundo, y su n\u00famero de hablantes se cifra en 300 millones. Datos m\u00e1s que relevantes que los alumnos de estos cursos aprendieron y con los que disfrutaron gratamente.<\/p>\n<p>La experiencia ha sido muy enriquecedora para todos y muy motivadora para fomentar el aprendizaje de las lenguas extranjeras en nuestro colegio. \u00a1Hasta las pr\u00f3ximas Jornadas del a\u00f1o que viene!<\/p>\n<p>SEE YOU NEXT YEAR! \u00c0 BIENT\u00d4T!<\/p>\n<div class=\"video-shortcode\"><iframe title=\"FOREIGN LANGUAGES DAYS 2026\" width=\"1280\" height=\"720\" src=\"https:\/\/www.youtube.com\/embed\/70jeqrc2Clo?feature=oembed\" frameborder=\"0\" allow=\"accelerometer; autoplay; clipboard-write; encrypted-media; gyroscope; picture-in-picture; web-share\" referrerpolicy=\"strict-origin-when-cross-origin\" allowfullscreen><\/iframe><\/div>\n<\/div><div class=\"fusion-sep-clear\"><\/div><div class=\"fusion-separator fusion-has-icon fusion-full-width-sep\" style=\"margin-left: auto;margin-right: auto;margin-top:10px;margin-bottom:15px;width:100%;\"><div class=\"fusion-separator-border sep-single sep-solid\" style=\"border-color:rgba(255,152,0,0.59);border-top-width:1px;\"><\/div><span class=\"icon-wrapper\" style=\"border-color:rgba(255,152,0,0.59);background-color:rgba(255,255,255,0);font-size:16px;width: 1.75em; height: 1.75em;border-width:1px;padding:1px;margin-top:-0.5px\"><i class=\"fa-angle-double-down fas\" style=\"font-size: inherit;color:rgba(255,152,0,0.66);\" aria-hidden=\"true\"><\/i><\/span><div class=\"fusion-separator-border sep-single sep-solid\" style=\"border-color:rgba(255,152,0,0.59);border-top-width:1px;\"><\/div><\/div><div class=\"fusion-sep-clear\"><\/div><style type=\"text\/css\">.fusion-gallery-1 .fusion-gallery-image {border:0px solid #f6f6f6;}<\/style><div class=\"fusion-gallery fusion-gallery-container fusion-grid-3 fusion-columns-total-1 fusion-gallery-layout-grid fusion-gallery-1\" style=\"margin:-7px;\"><div style=\"padding:7.5px;\" class=\"fusion-grid-column fusion-gallery-column fusion-gallery-column-3\"><div class=\"fusion-gallery-image fusion-gallery-image-liftup\"><a href=\"https:\/\/colegiotorreanaz.es\/wp-content\/uploads\/2026\/04\/FOTO-NOTICIA.jpg\" rel=\"noreferrer\" data-rel=\"iLightbox[gallery_image_1]\" class=\"fusion-lightbox\" target=\"_self\"><img decoding=\"async\" src=\"https:\/\/colegiotorreanaz.es\/wp-content\/uploads\/2026\/04\/FOTO-NOTICIA.jpg\" width=\"1600\" height=\"1200\" alt=\"\" title=\"FOTO NOTICIA\" aria-label=\"FOTO NOTICIA\" class=\"img-responsive wp-image-9017\" srcset=\"https:\/\/colegiotorreanaz.es\/wp-content\/uploads\/2026\/04\/FOTO-NOTICIA-200x150.jpg 200w, https:\/\/colegiotorreanaz.es\/wp-content\/uploads\/2026\/04\/FOTO-NOTICIA-400x300.jpg 400w, https:\/\/colegiotorreanaz.es\/wp-content\/uploads\/2026\/04\/FOTO-NOTICIA-600x450.jpg 600w, https:\/\/colegiotorreanaz.es\/wp-content\/uploads\/2026\/04\/FOTO-NOTICIA-800x600.jpg 800w, https:\/\/colegiotorreanaz.es\/wp-content\/uploads\/2026\/04\/FOTO-NOTICIA-1200x900.jpg 1200w, https:\/\/colegiotorreanaz.es\/wp-content\/uploads\/2026\/04\/FOTO-NOTICIA.jpg 1600w\" sizes=\"(min-width: 2200px) 100vw, (min-width: 824px) 422px, (min-width: 732px) 633px, (min-width: 640px) 732px, \" \/><\/a><\/div><\/div><\/div><div class=\"fusion-sep-clear\"><\/div><div class=\"fusion-separator fusion-full-width-sep\" style=\"margin-left: auto;margin-right: auto;margin-top:5px;width:100%;\"><\/div><div class=\"fusion-sep-clear\"><\/div><div class=\"fusion-sharing-box fusion-sharing-box-1 boxed-icons\" style=\"background-color:rgba(250,249,248,0);padding:0;margin-top:60px;\" data-title=\"Jornada de lenguas extranjeras\" data-description=\"JORNADAS DE LAS LENGUAS EXTRANJERAS (INGL\u00c9S Y FRANC\u00c9S)\r\n\r\nComo todos los a\u00f1os en el mes de febrero, los alumnos de ESO y Bachillerato disfrutaron en otra ocasi\u00f3n m\u00e1s de las Jornadas de las Lenguas Extranjeras organizadas por los Departamentos de Ingl\u00e9s y Franc\u00e9s de nuestro Colegio.\r\n\r\nComo el curso anterior, se organizaron distintas actividades l\u00fadicas de gamificaci\u00f3n\" data-link=\"https:\/\/colegiotorreanaz.es\/?p=9016\"><h4 class=\"tagline\" style=\"color:#333c4e;\">Compartir esta noticia<\/h4><div class=\"fusion-social-networks sharingbox-shortcode-icon-wrapper sharingbox-shortcode-icon-wrapper-1 boxed-icons\"><span><a href=\"https:\/\/www.facebook.com\/sharer.php?u=https%3A%2F%2Fcolegiotorreanaz.es%2F%3Fp%3D9016&amp;t=Jornada%20de%20lenguas%20extranjeras\" target=\"_blank\" rel=\"noreferrer\" title=\"Facebook\" aria-label=\"Facebook\" data-placement=\"top\" data-toggle=\"tooltip\" data-title=\"Facebook\"><i class=\"fusion-social-network-icon fusion-tooltip fusion-facebook awb-icon-facebook\" style=\"color:#ffffff;background-color:#3b5998;border-color:#3b5998;border-radius:4px;\" aria-hidden=\"true\"><\/i><\/a><\/span><span><a href=\"https:\/\/twitter.com\/share?text=Jornada%20de%20lenguas%20extranjeras&amp;url=https%3A%2F%2Fcolegiotorreanaz.es%2F%3Fp%3D9016\" target=\"_blank\" rel=\"noopener noreferrer\" title=\"Twitter\" aria-label=\"Twitter\" data-placement=\"top\" data-toggle=\"tooltip\" data-title=\"Twitter\"><i class=\"fusion-social-network-icon fusion-tooltip fusion-twitter awb-icon-twitter\" style=\"color:#ffffff;background-color:#55acee;border-color:#55acee;border-radius:4px;\" aria-hidden=\"true\"><\/i><\/a><\/span><span><a href=\"https:\/\/api.whatsapp.com\/send?text=https%3A%2F%2Fcolegiotorreanaz.es%2F%3Fp%3D9016\" target=\"_blank\" rel=\"noopener noreferrer\" title=\"WhatsApp\" aria-label=\"WhatsApp\" data-placement=\"top\" data-toggle=\"tooltip\" data-title=\"WhatsApp\"><i class=\"fusion-social-network-icon fusion-tooltip fusion-whatsapp awb-icon-whatsapp\" style=\"color:#ffffff;background-color:#77e878;border-color:#77e878;border-radius:4px;\" aria-hidden=\"true\"><\/i><\/a><\/span><span><a href=\"https:\/\/pinterest.com\/pin\/create\/button\/?url=https%3A%2F%2Fcolegiotorreanaz.es%2F%3Fp%3D9016&amp;description=JORNADAS%20DE%20LAS%20LENGUAS%20EXTRANJERAS%20%28INGL%C3%89S%20Y%20FRANC%C3%89S%29%0D%0A%0D%0AComo%20todos%20los%20a%C3%B1os%20en%20el%20mes%20de%20febrero%2C%20los%20alumnos%20de%20ESO%20y%20Bachillerato%20disfrutaron%20en%20otra%20ocasi%C3%B3n%20m%C3%A1s%20de%20las%20Jornadas%20de%20las%20Lenguas%20Extranjeras%20organizadas%20por%20los%20Departamentos%20de%20Ingl%C3%A9s%20y%20Franc%C3%A9s%20de%20nuestro%20Colegio.%0D%0A%0D%0AComo%20el%20curso%20anterior%2C%20se%20organizaron%20distintas%20actividades%20l%C3%BAdicas%20de%20gamificaci%C3%B3n&amp;media=\" target=\"_blank\" rel=\"noopener noreferrer\" title=\"Pinterest\" aria-label=\"Pinterest\" data-placement=\"top\" data-toggle=\"tooltip\" data-title=\"Pinterest\"><i class=\"fusion-social-network-icon fusion-tooltip fusion-pinterest awb-icon-pinterest\" style=\"color:#ffffff;background-color:#bd081c;border-color:#bd081c;border-radius:4px;\" aria-hidden=\"true\"><\/i><\/a><\/span><span><a href=\"mailto:?subject=Jornada%20de%20lenguas%20extranjeras&amp;body=https%3A%2F%2Fcolegiotorreanaz.es%2F%3Fp%3D9016\" target=\"_self\" title=\"Correo electr\u00f3nico\" aria-label=\"Correo electr\u00f3nico\" data-placement=\"top\" data-toggle=\"tooltip\" data-title=\"Correo electr\u00f3nico\"><i class=\"fusion-social-network-icon fusion-tooltip fusion-mail awb-icon-mail\" style=\"color:#ffffff;background-color:#000000;border-color:#000000;border-radius:4px;\" aria-hidden=\"true\"><\/i><\/a><\/span><\/div><\/div><style type=\"text\/css\">.fusion-sharing-box-1 h4{margin-bottom:0 !important;}.fusion-sharing-box-1{flex-direction:row !important;}@media only screen and (max-width:1024px){.fusion-sharing-box-1 h4{margin-right:0.5em !important;margin-bottom:0 !important;}.sharingbox-shortcode-icon-wrapper-1{width:auto !important;justify-content:flex-end !important;}.fusion-sharing-box-1{align-items:center !important;} }@media only screen and (max-width:640px){.fusion-sharing-box-1{flex-direction:row !important;align-items:center !important;}.fusion-sharing-box-1 h4{margin-right:0.5em !important;margin-bottom:0 !important;}.sharingbox-shortcode-icon-wrapper-1{width:auto !important;justify-content:space-between !important;} }<\/style><div class=\"fusion-clearfix\"><\/div><\/div><\/div><div class=\"fusion-layout-column fusion_builder_column fusion-builder-column-1 fusion_builder_column_1_3 1_3 fusion-one-third fusion-column-last\" style=\"width:33.333333333333%;width:calc(33.333333333333% - ( ( 5% ) * 0.33333333333333 ) );margin-top:10px;margin-bottom:10px;\"><div class=\"fusion-column-wrapper fusion-flex-column-wrapper-legacy\" style=\"background-position:left top;background-repeat:no-repeat;-webkit-background-size:cover;-moz-background-size:cover;-o-background-size:cover;background-size:cover;background-color:#faf9f8;padding: 7% 7% 7% 7%;\"><div class=\"fusion-widget-area fusion-widget-area-1 fusion-content-widget-area\"><style type=\"text\/css\">.fusion-widget-area-1 {padding:0px 0px 0px 0px;}.fusion-widget-area-1 .widget h4 {color:#333c4e;}.fusion-widget-area-1 .widget .heading h4 {color:#333c4e;}.fusion-widget-area-1 .widget h4 {font-size:18px;}.fusion-widget-area-1 .widget .heading h4 {font-size:18px;}<\/style>\n\t\t<section id=\"recent-posts-2\" class=\"widget widget_recent_entries\">\n\t\t<div class=\"heading\"><h4 class=\"widget-title\">Entradas recientes<\/h4><\/div>\n\t\t<ul>\n\t\t\t\t\t\t\t\t\t\t\t<li>\n\t\t\t\t\t<a href=\"https:\/\/colegiotorreanaz.es\/?p=9243\">Entrega de la cruz del monaguillo<\/a>\n\t\t\t\t\t\t\t\t\t<\/li>\n\t\t\t\t\t\t\t\t\t\t\t<li>\n\t\t\t\t\t<a href=\"https:\/\/colegiotorreanaz.es\/?p=9232\">Bautizos de adultos<\/a>\n\t\t\t\t\t\t\t\t\t<\/li>\n\t\t\t\t\t\t\t\t\t\t\t<li>\n\t\t\t\t\t<a href=\"https:\/\/colegiotorreanaz.es\/?p=9211\">Torre\u00e1naz con el Papa Le\u00f3n en Madrid<\/a>\n\t\t\t\t\t\t\t\t\t<\/li>\n\t\t\t\t\t\t\t\t\t\t\t<li>\n\t\t\t\t\t<a href=\"https:\/\/colegiotorreanaz.es\/?p=9207\">Luis Romero, clasificado en la Olimpiada Matem\u00e1tica<\/a>\n\t\t\t\t\t\t\t\t\t<\/li>\n\t\t\t\t\t\t\t\t\t\t\t<li>\n\t\t\t\t\t<a href=\"https:\/\/colegiotorreanaz.es\/?p=9188\">Pau Redondo de la Flor, campe\u00f3n del V Torneo Master Chess Junior Colegio Torre\u00e1naz<\/a>\n\t\t\t\t\t\t\t\t\t<\/li>\n\t\t\t\t\t<\/ul>\n\n\t\t<\/section><section id=\"archives-2\" class=\"widget widget_archive\"><div class=\"heading\"><h4 class=\"widget-title\">Archivos<\/h4><\/div>\n\t\t\t<ul>\n\t\t\t\t\t<li><a href='https:\/\/colegiotorreanaz.es\/?m=202607'>julio 2026<\/a><\/li>\n\t<li><a href='https:\/\/colegiotorreanaz.es\/?m=202606'>junio 2026<\/a><\/li>\n\t<li><a href='https:\/\/colegiotorreanaz.es\/?m=202605'>mayo 2026<\/a><\/li>\n\t<li><a href='https:\/\/colegiotorreanaz.es\/?m=202604'>abril 2026<\/a><\/li>\n\t<li><a href='https:\/\/colegiotorreanaz.es\/?m=202603'>marzo 2026<\/a><\/li>\n\t<li><a href='https:\/\/colegiotorreanaz.es\/?m=202601'>enero 2026<\/a><\/li>\n\t<li><a href='https:\/\/colegiotorreanaz.es\/?m=202512'>diciembre 2025<\/a><\/li>\n\t<li><a href='https:\/\/colegiotorreanaz.es\/?m=202511'>noviembre 2025<\/a><\/li>\n\t<li><a href='https:\/\/colegiotorreanaz.es\/?m=202510'>octubre 2025<\/a><\/li>\n\t<li><a href='https:\/\/colegiotorreanaz.es\/?m=202509'>septiembre 2025<\/a><\/li>\n\t<li><a href='https:\/\/colegiotorreanaz.es\/?m=202505'>mayo 2025<\/a><\/li>\n\t<li><a href='https:\/\/colegiotorreanaz.es\/?m=202504'>abril 2025<\/a><\/li>\n\t<li><a href='https:\/\/colegiotorreanaz.es\/?m=202503'>marzo 2025<\/a><\/li>\n\t<li><a href='https:\/\/colegiotorreanaz.es\/?m=202501'>enero 2025<\/a><\/li>\n\t<li><a href='https:\/\/colegiotorreanaz.es\/?m=202410'>octubre 2024<\/a><\/li>\n\t<li><a href='https:\/\/colegiotorreanaz.es\/?m=202406'>junio 2024<\/a><\/li>\n\t<li><a href='https:\/\/colegiotorreanaz.es\/?m=202405'>mayo 2024<\/a><\/li>\n\t<li><a href='https:\/\/colegiotorreanaz.es\/?m=202404'>abril 2024<\/a><\/li>\n\t<li><a href='https:\/\/colegiotorreanaz.es\/?m=202403'>marzo 2024<\/a><\/li>\n\t<li><a href='https:\/\/colegiotorreanaz.es\/?m=202402'>febrero 2024<\/a><\/li>\n\t<li><a href='https:\/\/colegiotorreanaz.es\/?m=202401'>enero 2024<\/a><\/li>\n\t<li><a href='https:\/\/colegiotorreanaz.es\/?m=202312'>diciembre 2023<\/a><\/li>\n\t<li><a href='https:\/\/colegiotorreanaz.es\/?m=202311'>noviembre 2023<\/a><\/li>\n\t<li><a href='https:\/\/colegiotorreanaz.es\/?m=202310'>octubre 2023<\/a><\/li>\n\t<li><a href='https:\/\/colegiotorreanaz.es\/?m=202306'>junio 2023<\/a><\/li>\n\t<li><a href='https:\/\/colegiotorreanaz.es\/?m=202305'>mayo 2023<\/a><\/li>\n\t<li><a href='https:\/\/colegiotorreanaz.es\/?m=202304'>abril 2023<\/a><\/li>\n\t<li><a href='https:\/\/colegiotorreanaz.es\/?m=202303'>marzo 2023<\/a><\/li>\n\t<li><a href='https:\/\/colegiotorreanaz.es\/?m=202302'>febrero 2023<\/a><\/li>\n\t<li><a href='https:\/\/colegiotorreanaz.es\/?m=202301'>enero 2023<\/a><\/li>\n\t<li><a href='https:\/\/colegiotorreanaz.es\/?m=202207'>julio 2022<\/a><\/li>\n\t<li><a href='https:\/\/colegiotorreanaz.es\/?m=202206'>junio 2022<\/a><\/li>\n\t<li><a href='https:\/\/colegiotorreanaz.es\/?m=202205'>mayo 2022<\/a><\/li>\n\t<li><a href='https:\/\/colegiotorreanaz.es\/?m=202204'>abril 2022<\/a><\/li>\n\t<li><a href='https:\/\/colegiotorreanaz.es\/?m=202203'>marzo 2022<\/a><\/li>\n\t<li><a href='https:\/\/colegiotorreanaz.es\/?m=202202'>febrero 2022<\/a><\/li>\n\t<li><a href='https:\/\/colegiotorreanaz.es\/?m=202201'>enero 2022<\/a><\/li>\n\t<li><a href='https:\/\/colegiotorreanaz.es\/?m=202111'>noviembre 2021<\/a><\/li>\n\t<li><a href='https:\/\/colegiotorreanaz.es\/?m=202110'>octubre 2021<\/a><\/li>\n\t<li><a href='https:\/\/colegiotorreanaz.es\/?m=202109'>septiembre 2021<\/a><\/li>\n\t<li><a href='https:\/\/colegiotorreanaz.es\/?m=202107'>julio 2021<\/a><\/li>\n\t<li><a href='https:\/\/colegiotorreanaz.es\/?m=202106'>junio 2021<\/a><\/li>\n\t<li><a href='https:\/\/colegiotorreanaz.es\/?m=202105'>mayo 2021<\/a><\/li>\n\t<li><a href='https:\/\/colegiotorreanaz.es\/?m=202104'>abril 2021<\/a><\/li>\n\t<li><a href='https:\/\/colegiotorreanaz.es\/?m=202103'>marzo 2021<\/a><\/li>\n\t<li><a href='https:\/\/colegiotorreanaz.es\/?m=202102'>febrero 2021<\/a><\/li>\n\t<li><a href='https:\/\/colegiotorreanaz.es\/?m=202101'>enero 2021<\/a><\/li>\n\t<li><a href='https:\/\/colegiotorreanaz.es\/?m=202012'>diciembre 2020<\/a><\/li>\n\t<li><a href='https:\/\/colegiotorreanaz.es\/?m=202011'>noviembre 2020<\/a><\/li>\n\t<li><a href='https:\/\/colegiotorreanaz.es\/?m=202010'>octubre 2020<\/a><\/li>\n\t<li><a href='https:\/\/colegiotorreanaz.es\/?m=202009'>septiembre 2020<\/a><\/li>\n\t<li><a href='https:\/\/colegiotorreanaz.es\/?m=202008'>agosto 2020<\/a><\/li>\n\t<li><a href='https:\/\/colegiotorreanaz.es\/?m=202005'>mayo 2020<\/a><\/li>\n\t<li><a href='https:\/\/colegiotorreanaz.es\/?m=202004'>abril 2020<\/a><\/li>\n\t<li><a href='https:\/\/colegiotorreanaz.es\/?m=202003'>marzo 2020<\/a><\/li>\n\t<li><a href='https:\/\/colegiotorreanaz.es\/?m=202002'>febrero 2020<\/a><\/li>\n\t<li><a href='https:\/\/colegiotorreanaz.es\/?m=202001'>enero 2020<\/a><\/li>\n\t<li><a href='https:\/\/colegiotorreanaz.es\/?m=201912'>diciembre 2019<\/a><\/li>\n\t<li><a href='https:\/\/colegiotorreanaz.es\/?m=201911'>noviembre 2019<\/a><\/li>\n\t<li><a href='https:\/\/colegiotorreanaz.es\/?m=201910'>octubre 2019<\/a><\/li>\n\t<li><a href='https:\/\/colegiotorreanaz.es\/?m=201909'>septiembre 2019<\/a><\/li>\n\t<li><a href='https:\/\/colegiotorreanaz.es\/?m=201907'>julio 2019<\/a><\/li>\n\t<li><a href='https:\/\/colegiotorreanaz.es\/?m=201906'>junio 2019<\/a><\/li>\n\t<li><a href='https:\/\/colegiotorreanaz.es\/?m=201905'>mayo 2019<\/a><\/li>\n\t<li><a href='https:\/\/colegiotorreanaz.es\/?m=201904'>abril 2019<\/a><\/li>\n\t<li><a href='https:\/\/colegiotorreanaz.es\/?m=201903'>marzo 2019<\/a><\/li>\n\t<li><a href='https:\/\/colegiotorreanaz.es\/?m=201902'>febrero 2019<\/a><\/li>\n\t<li><a href='https:\/\/colegiotorreanaz.es\/?m=201901'>enero 2019<\/a><\/li>\n\t\t\t<\/ul>\n\n\t\t\t<\/section><section id=\"categories-2\" class=\"widget widget_categories\"><div class=\"heading\"><h4 class=\"widget-title\">Categor\u00edas<\/h4><\/div>\n\t\t\t<ul>\n\t\t\t\t\t<li class=\"cat-item cat-item-35\"><a href=\"https:\/\/colegiotorreanaz.es\/?cat=35\">Actividades<\/a>\n<\/li>\n\t<li class=\"cat-item cat-item-26\"><a href=\"https:\/\/colegiotorreanaz.es\/?cat=26\">Colegio<\/a>\n<\/li>\n\t<li class=\"cat-item cat-item-8\"><a href=\"https:\/\/colegiotorreanaz.es\/?cat=8\">Noticias<\/a>\n<\/li>\n\t<li class=\"cat-item cat-item-91\"><a href=\"https:\/\/colegiotorreanaz.es\/?cat=91\">Proyecto Escuela Embajadora<\/a>\n<\/li>\n\t<li class=\"cat-item cat-item-92\"><a href=\"https:\/\/colegiotorreanaz.es\/?cat=92\">Proyecto eXtadistica<\/a>\n<\/li>\n\t<li class=\"cat-item cat-item-90\"><a href=\"https:\/\/colegiotorreanaz.es\/?cat=90\">Proyecto Finanzas<\/a>\n<\/li>\n\t<li class=\"cat-item cat-item-89\"><a href=\"https:\/\/colegiotorreanaz.es\/?cat=89\">Proyecto Oratoria<\/a>\n<\/li>\n\t<li class=\"cat-item cat-item-34\"><a href=\"https:\/\/colegiotorreanaz.es\/?cat=34\">Proyecto PIIE<\/a>\n<\/li>\n\t<li class=\"cat-item cat-item-88\"><a href=\"https:\/\/colegiotorreanaz.es\/?cat=88\">Proyectos<\/a>\n<\/li>\n\t<li class=\"cat-item cat-item-1\"><a href=\"https:\/\/colegiotorreanaz.es\/?cat=1\">Secretar\u00eda<\/a>\n<\/li>\n\t\t\t<\/ul>\n\n\t\t\t<\/section><section id=\"tag_cloud-2\" class=\"widget widget_tag_cloud\"><div class=\"heading\"><h4 class=\"widget-title\">Nube de Etiquetas<\/h4><\/div><div class=\"tagcloud\"><a href=\"https:\/\/colegiotorreanaz.es\/?tag=50-aniversario\" class=\"tag-cloud-link tag-link-74 tag-link-position-1\" aria-label=\"50 aniversario (12 elementos)\">50 aniversario<span class=\"tag-link-count\"> (12)<\/span><\/a>\n<a href=\"https:\/\/colegiotorreanaz.es\/?tag=actividades-religiosas\" class=\"tag-cloud-link tag-link-60 tag-link-position-2\" aria-label=\"Actividades religiosas (29 elementos)\">Actividades religiosas<span class=\"tag-link-count\"> (29)<\/span><\/a>\n<a href=\"https:\/\/colegiotorreanaz.es\/?tag=bachillerato\" class=\"tag-cloud-link tag-link-51 tag-link-position-3\" aria-label=\"Bachillerato (126 elementos)\">Bachillerato<span class=\"tag-link-count\"> (126)<\/span><\/a>\n<a href=\"https:\/\/colegiotorreanaz.es\/?tag=bienvenida\" class=\"tag-cloud-link tag-link-23 tag-link-position-4\" aria-label=\"Bienvenida (7 elementos)\">Bienvenida<span class=\"tag-link-count\"> (7)<\/span><\/a>\n<a href=\"https:\/\/colegiotorreanaz.es\/?tag=charla\" class=\"tag-cloud-link tag-link-58 tag-link-position-5\" aria-label=\"Charla (21 elementos)\">Charla<span class=\"tag-link-count\"> (21)<\/span><\/a>\n<a href=\"https:\/\/colegiotorreanaz.es\/?tag=ciclos-formativos\" class=\"tag-cloud-link tag-link-59 tag-link-position-6\" aria-label=\"Ciclos formativos (38 elementos)\">Ciclos formativos<span class=\"tag-link-count\"> (38)<\/span><\/a>\n<a href=\"https:\/\/colegiotorreanaz.es\/?tag=ciencias\" class=\"tag-cloud-link tag-link-53 tag-link-position-7\" aria-label=\"Ciencias (53 elementos)\">Ciencias<span class=\"tag-link-count\"> (53)<\/span><\/a>\n<a href=\"https:\/\/colegiotorreanaz.es\/?tag=concurso\" class=\"tag-cloud-link tag-link-69 tag-link-position-8\" aria-label=\"Concurso (47 elementos)\">Concurso<span class=\"tag-link-count\"> (47)<\/span><\/a>\n<a href=\"https:\/\/colegiotorreanaz.es\/?tag=dibujo-tecnico\" class=\"tag-cloud-link tag-link-79 tag-link-position-9\" aria-label=\"Dibujo t\u00e9cnico (3 elementos)\">Dibujo t\u00e9cnico<span class=\"tag-link-count\"> (3)<\/span><\/a>\n<a href=\"https:\/\/colegiotorreanaz.es\/?tag=economia\" class=\"tag-cloud-link tag-link-64 tag-link-position-10\" aria-label=\"Econom\u00eda (49 elementos)\">Econom\u00eda<span class=\"tag-link-count\"> (49)<\/span><\/a>\n<a href=\"https:\/\/colegiotorreanaz.es\/?tag=ed-fisica\" class=\"tag-cloud-link tag-link-96 tag-link-position-11\" aria-label=\"Ed. F\u00edsica (2 elementos)\">Ed. F\u00edsica<span class=\"tag-link-count\"> (2)<\/span><\/a>\n<a href=\"https:\/\/colegiotorreanaz.es\/?tag=eso\" class=\"tag-cloud-link tag-link-44 tag-link-position-12\" aria-label=\"ESO (186 elementos)\">ESO<span class=\"tag-link-count\"> (186)<\/span><\/a>\n<a href=\"https:\/\/colegiotorreanaz.es\/?tag=eventos\" class=\"tag-cloud-link tag-link-71 tag-link-position-13\" aria-label=\"Eventos (29 elementos)\">Eventos<span class=\"tag-link-count\"> (29)<\/span><\/a>\n<a href=\"https:\/\/colegiotorreanaz.es\/?tag=exposiciones\" class=\"tag-cloud-link tag-link-50 tag-link-position-14\" aria-label=\"exposiciones (26 elementos)\">exposiciones<span class=\"tag-link-count\"> (26)<\/span><\/a>\n<a href=\"https:\/\/colegiotorreanaz.es\/?tag=familia\" class=\"tag-cloud-link tag-link-73 tag-link-position-15\" aria-label=\"Familia (13 elementos)\">Familia<span class=\"tag-link-count\"> (13)<\/span><\/a>\n<a href=\"https:\/\/colegiotorreanaz.es\/?tag=frances\" class=\"tag-cloud-link tag-link-97 tag-link-position-16\" aria-label=\"Franc\u00e9s (6 elementos)\">Franc\u00e9s<span class=\"tag-link-count\"> (6)<\/span><\/a>\n<a href=\"https:\/\/colegiotorreanaz.es\/?tag=geografia-e-historia\" class=\"tag-cloud-link tag-link-68 tag-link-position-17\" aria-label=\"Geograf\u00eda e Historia (17 elementos)\">Geograf\u00eda e Historia<span class=\"tag-link-count\"> (17)<\/span><\/a>\n<a href=\"https:\/\/colegiotorreanaz.es\/?tag=infantil\" class=\"tag-cloud-link tag-link-54 tag-link-position-18\" aria-label=\"Infantil (74 elementos)\">Infantil<span class=\"tag-link-count\"> (74)<\/span><\/a>\n<a href=\"https:\/\/colegiotorreanaz.es\/?tag=informacion\" class=\"tag-cloud-link tag-link-63 tag-link-position-19\" aria-label=\"Informaci\u00f3n (8 elementos)\">Informaci\u00f3n<span class=\"tag-link-count\"> (8)<\/span><\/a>\n<a href=\"https:\/\/colegiotorreanaz.es\/?tag=informatica\" class=\"tag-cloud-link tag-link-52 tag-link-position-20\" aria-label=\"Inform\u00e1tica (31 elementos)\">Inform\u00e1tica<span class=\"tag-link-count\"> (31)<\/span><\/a>\n<a href=\"https:\/\/colegiotorreanaz.es\/?tag=ingles\" class=\"tag-cloud-link tag-link-45 tag-link-position-21\" aria-label=\"Ingl\u00e9s (35 elementos)\">Ingl\u00e9s<span class=\"tag-link-count\"> (35)<\/span><\/a>\n<a href=\"https:\/\/colegiotorreanaz.es\/?tag=instalaciones\" class=\"tag-cloud-link tag-link-81 tag-link-position-22\" aria-label=\"Instalaciones (2 elementos)\">Instalaciones<span class=\"tag-link-count\"> (2)<\/span><\/a>\n<a href=\"https:\/\/colegiotorreanaz.es\/?tag=jornadas\" class=\"tag-cloud-link tag-link-46 tag-link-position-23\" aria-label=\"Jornadas (36 elementos)\">Jornadas<span class=\"tag-link-count\"> (36)<\/span><\/a>\n<a href=\"https:\/\/colegiotorreanaz.es\/?tag=laboratorio\" class=\"tag-cloud-link tag-link-56 tag-link-position-24\" aria-label=\"Laboratorio (17 elementos)\">Laboratorio<span class=\"tag-link-count\"> (17)<\/span><\/a>\n<a href=\"https:\/\/colegiotorreanaz.es\/?tag=lengua\" class=\"tag-cloud-link tag-link-55 tag-link-position-25\" aria-label=\"Lengua (18 elementos)\">Lengua<span class=\"tag-link-count\"> (18)<\/span><\/a>\n<a href=\"https:\/\/colegiotorreanaz.es\/?tag=lenguas-extranjeras\" class=\"tag-cloud-link tag-link-70 tag-link-position-26\" aria-label=\"Lenguas extranjeras (30 elementos)\">Lenguas extranjeras<span class=\"tag-link-count\"> (30)<\/span><\/a>\n<a href=\"https:\/\/colegiotorreanaz.es\/?tag=matematicas\" class=\"tag-cloud-link tag-link-49 tag-link-position-27\" aria-label=\"Matem\u00e1ticas (71 elementos)\">Matem\u00e1ticas<span class=\"tag-link-count\"> (71)<\/span><\/a>\n<a href=\"https:\/\/colegiotorreanaz.es\/?tag=meteoescuela\" class=\"tag-cloud-link tag-link-83 tag-link-position-28\" aria-label=\"meteoescuela (5 elementos)\">meteoescuela<span class=\"tag-link-count\"> (5)<\/span><\/a>\n<a href=\"https:\/\/colegiotorreanaz.es\/?tag=museo\" class=\"tag-cloud-link tag-link-42 tag-link-position-29\" aria-label=\"museo (4 elementos)\">museo<span class=\"tag-link-count\"> (4)<\/span><\/a>\n<a href=\"https:\/\/colegiotorreanaz.es\/?tag=musica\" class=\"tag-cloud-link tag-link-76 tag-link-position-30\" aria-label=\"M\u00fasica (4 elementos)\">M\u00fasica<span class=\"tag-link-count\"> (4)<\/span><\/a>\n<a href=\"https:\/\/colegiotorreanaz.es\/?tag=piie\" class=\"tag-cloud-link tag-link-67 tag-link-position-31\" aria-label=\"PIIE (7 elementos)\">PIIE<span class=\"tag-link-count\"> (7)<\/span><\/a>\n<a href=\"https:\/\/colegiotorreanaz.es\/?tag=plastica\" class=\"tag-cloud-link tag-link-43 tag-link-position-32\" aria-label=\"Pl\u00e1stica (21 elementos)\">Pl\u00e1stica<span class=\"tag-link-count\"> (21)<\/span><\/a>\n<a href=\"https:\/\/colegiotorreanaz.es\/?tag=premios\" class=\"tag-cloud-link tag-link-72 tag-link-position-33\" aria-label=\"premios (19 elementos)\">premios<span class=\"tag-link-count\"> (19)<\/span><\/a>\n<a href=\"https:\/\/colegiotorreanaz.es\/?tag=primaria\" class=\"tag-cloud-link tag-link-40 tag-link-position-34\" aria-label=\"Primaria (96 elementos)\">Primaria<span class=\"tag-link-count\"> (96)<\/span><\/a>\n<a href=\"https:\/\/colegiotorreanaz.es\/?tag=proyecto-nutricion\" class=\"tag-cloud-link tag-link-87 tag-link-position-35\" aria-label=\"Proyecto Nutrici\u00f3n (2 elementos)\">Proyecto Nutrici\u00f3n<span class=\"tag-link-count\"> (2)<\/span><\/a>\n<a href=\"https:\/\/colegiotorreanaz.es\/?tag=proyecto-oratoria\" class=\"tag-cloud-link tag-link-86 tag-link-position-36\" aria-label=\"Proyecto Oratoria (4 elementos)\">Proyecto Oratoria<span class=\"tag-link-count\"> (4)<\/span><\/a>\n<a href=\"https:\/\/colegiotorreanaz.es\/?tag=proyectos\" class=\"tag-cloud-link tag-link-85 tag-link-position-37\" aria-label=\"Proyectos (158 elementos)\">Proyectos<span class=\"tag-link-count\"> (158)<\/span><\/a>\n<a href=\"https:\/\/colegiotorreanaz.es\/?tag=reciclaje\" class=\"tag-cloud-link tag-link-37 tag-link-position-38\" aria-label=\"reciclaje (7 elementos)\">reciclaje<span class=\"tag-link-count\"> (7)<\/span><\/a>\n<a href=\"https:\/\/colegiotorreanaz.es\/?tag=religion\" class=\"tag-cloud-link tag-link-57 tag-link-position-39\" aria-label=\"religi\u00f3n (13 elementos)\">religi\u00f3n<span class=\"tag-link-count\"> (13)<\/span><\/a>\n<a href=\"https:\/\/colegiotorreanaz.es\/?tag=salidas\" class=\"tag-cloud-link tag-link-41 tag-link-position-40\" aria-label=\"salidas (18 elementos)\">salidas<span class=\"tag-link-count\"> (18)<\/span><\/a>\n<a href=\"https:\/\/colegiotorreanaz.es\/?tag=salidas-culturales\" class=\"tag-cloud-link tag-link-38 tag-link-position-41\" aria-label=\"Salidas culturales (9 elementos)\">Salidas culturales<span class=\"tag-link-count\"> (9)<\/span><\/a>\n<a href=\"https:\/\/colegiotorreanaz.es\/?tag=sociales\" class=\"tag-cloud-link tag-link-75 tag-link-position-42\" aria-label=\"Sociales (8 elementos)\">Sociales<span class=\"tag-link-count\"> (8)<\/span><\/a>\n<a href=\"https:\/\/colegiotorreanaz.es\/?tag=taller\" class=\"tag-cloud-link tag-link-65 tag-link-position-43\" aria-label=\"Taller (4 elementos)\">Taller<span class=\"tag-link-count\"> (4)<\/span><\/a>\n<a href=\"https:\/\/colegiotorreanaz.es\/?tag=torreanin\" class=\"tag-cloud-link tag-link-47 tag-link-position-44\" aria-label=\"Torrean\u00edn (10 elementos)\">Torrean\u00edn<span class=\"tag-link-count\"> (10)<\/span><\/a>\n<a href=\"https:\/\/colegiotorreanaz.es\/?tag=trabajo\" class=\"tag-cloud-link tag-link-39 tag-link-position-45\" aria-label=\"Trabajo (10 elementos)\">Trabajo<span class=\"tag-link-count\"> (10)<\/span><\/a><\/div>\n<\/section><section id=\"pyre_tabs-widget-2\" class=\"widget fusion-tabs-widget\">\t\t<div class=\"fusion-tabs-widget-wrapper fusion-tabs-widget-2 fusion-tabs-classic fusion-tabs-image-default tab-holder\">\n\t\t\t<nav class=\"fusion-tabs-nav\">\n\t\t\t\t<ul class=\"tabset tabs\">\n\n\t\t\t\t\t\t\t\t\t\t\t<li class=\"active\"><a href=\"#\" data-link=\"fusion-tab-popular\">Popular<\/a><\/li>\n\t\t\t\t\t\n\t\t\t\t\t\t\t\t\t\t\t<li><a href=\"#\" data-link=\"fusion-tab-recent\">Recent<\/a><\/li>\n\t\t\t\t\t\n\t\t\t\t\t\n\t\t\t\t<\/ul>\n\t\t\t<\/nav>\n\n\t\t\t<div class=\"fusion-tabs-widget-content tab-box tabs-container\">\n\n\t\t\t\t\n\t\t\t\t\t<div class=\"fusion-tab-popular fusion-tab-content tab tab_content\" data-name=\"fusion-tab-popular\">\n\t\t\t\t\t\t\n\t\t\t\t\t\t<ul class=\"fusion-tabs-widget-items news-list\">\n\t\t\t\t\t\t\t\t\t\t\t\t\t\t\t\t\t\t\t\t\t\t\t\t\t\t\t\t\t\t\t\t\t<li>\n\t\t\t\t\t\t\t\t\t\t\t\t\t\t\t\t\t\t\t\t\t<div class=\"image\">\n\t\t\t\t\t\t\t\t\t\t\t\t<a href=\"https:\/\/colegiotorreanaz.es\/?p=2374\" aria-label=\"Bienvenidos al blog de Torre\u00e1naz\"><img decoding=\"async\" width=\"66\" height=\"66\" src=\"https:\/\/colegiotorreanaz.es\/wp-content\/uploads\/2019\/01\/mini_cocienros-primaria1-66x66.jpg\" class=\"attachment-recent-works-thumbnail size-recent-works-thumbnail wp-post-image\" alt=\"Alumnos cocinando\" srcset=\"https:\/\/colegiotorreanaz.es\/wp-content\/uploads\/2019\/01\/mini_cocienros-primaria1-66x66.jpg 66w, https:\/\/colegiotorreanaz.es\/wp-content\/uploads\/2019\/01\/mini_cocienros-primaria1-150x150.jpg 150w\" sizes=\"(max-width: 66px) 100vw, 66px\" \/><\/a>\n\t\t\t\t\t\t\t\t\t\t\t<\/div>\n\t\t\t\t\t\t\t\t\t\t\n\t\t\t\t\t\t\t\t\t\t<div class=\"post-holder\">\n\t\t\t\t\t\t\t\t\t\t\t<a href=\"https:\/\/colegiotorreanaz.es\/?p=2374\">Bienvenidos al blog de Torre\u00e1naz<\/a>\n\t\t\t\t\t\t\t\t\t\t\t<div class=\"fusion-meta\">\n\t\t\t\t\t\t\t\t\t\t\t\tenero 30th, 2019\t\t\t\t\t\t\t\t\t\t\t<\/div>\n\t\t\t\t\t\t\t\t\t\t<\/div>\n\t\t\t\t\t\t\t\t\t<\/li>\n\t\t\t\t\t\t\t\t\t\t\t\t\t\t\t\t\t\t\t\t\t\t\t\t\t\t<li>\n\t\t\t\t\t\t\t\t\t\t\n\t\t\t\t\t\t\t\t\t\t<div class=\"post-holder\">\n\t\t\t\t\t\t\t\t\t\t\t<a href=\"https:\/\/colegiotorreanaz.es\/?p=3893\">Plataforma MOODLE<\/a>\n\t\t\t\t\t\t\t\t\t\t\t<div class=\"fusion-meta\">\n\t\t\t\t\t\t\t\t\t\t\t\tmarzo 18th, 2020\t\t\t\t\t\t\t\t\t\t\t<\/div>\n\t\t\t\t\t\t\t\t\t\t<\/div>\n\t\t\t\t\t\t\t\t\t<\/li>\n\t\t\t\t\t\t\t\t\t\t\t\t\t\t\t\t\t\t\t\t\t\t\t\t\t\t<li>\n\t\t\t\t\t\t\t\t\t\t\t\t\t\t\t\t\t\t\t\t\t<div class=\"image\">\n\t\t\t\t\t\t\t\t\t\t\t\t<a href=\"https:\/\/colegiotorreanaz.es\/?p=2517\" aria-label=\"Experimento del aparato respiratorio 6\u00ba Primaria\"><img decoding=\"async\" width=\"66\" height=\"66\" src=\"https:\/\/colegiotorreanaz.es\/wp-content\/uploads\/2019\/02\/mini_IMG_9645-66x66.jpg\" class=\"attachment-recent-works-thumbnail size-recent-works-thumbnail wp-post-image\" alt=\"\" srcset=\"https:\/\/colegiotorreanaz.es\/wp-content\/uploads\/2019\/02\/mini_IMG_9645-66x66.jpg 66w, https:\/\/colegiotorreanaz.es\/wp-content\/uploads\/2019\/02\/mini_IMG_9645-150x150.jpg 150w\" sizes=\"(max-width: 66px) 100vw, 66px\" \/><\/a>\n\t\t\t\t\t\t\t\t\t\t\t<\/div>\n\t\t\t\t\t\t\t\t\t\t\n\t\t\t\t\t\t\t\t\t\t<div class=\"post-holder\">\n\t\t\t\t\t\t\t\t\t\t\t<a href=\"https:\/\/colegiotorreanaz.es\/?p=2517\">Experimento del aparato respiratorio 6\u00ba Primaria<\/a>\n\t\t\t\t\t\t\t\t\t\t\t<div class=\"fusion-meta\">\n\t\t\t\t\t\t\t\t\t\t\t\tfebrero 7th, 2019\t\t\t\t\t\t\t\t\t\t\t<\/div>\n\t\t\t\t\t\t\t\t\t\t<\/div>\n\t\t\t\t\t\t\t\t\t<\/li>\n\t\t\t\t\t\t\t\t\n\t\t\t\t\t\t\t\t\t\t\t\t\t\t\t\t\t\t\t\t\t<\/ul>\n\t\t\t\t\t<\/div>\n\n\t\t\t\t\n\t\t\t\t\n\t\t\t\t\t<div class=\"fusion-tab-recent fusion-tab-content tab tab_content\" data-name=\"fusion-tab-recent\" style=\"display: none;\">\n\n\t\t\t\t\t\t\n\t\t\t\t\t\t<ul class=\"fusion-tabs-widget-items news-list\">\n\t\t\t\t\t\t\t\t\t\t\t\t\t\t\t\t\t\t\t\t\t\t\t\t\t\t\t\t\t\t\t\t\t<li>\n\t\t\t\t\t\t\t\t\t\t\t\t\t\t\t\t\t\t\t\t\t<div class=\"image\">\n\t\t\t\t\t\t\t\t\t\t\t\t<a href=\"https:\/\/colegiotorreanaz.es\/?p=9243\" aria-label=\"Entrega de la cruz del monaguillo\"><img decoding=\"async\" width=\"66\" height=\"66\" src=\"https:\/\/colegiotorreanaz.es\/wp-content\/uploads\/2026\/07\/111_0423-1-66x66.jpg\" class=\"attachment-recent-works-thumbnail size-recent-works-thumbnail wp-post-image\" alt=\"\" srcset=\"https:\/\/colegiotorreanaz.es\/wp-content\/uploads\/2026\/07\/111_0423-1-66x66.jpg 66w, https:\/\/colegiotorreanaz.es\/wp-content\/uploads\/2026\/07\/111_0423-1-150x150.jpg 150w\" sizes=\"(max-width: 66px) 100vw, 66px\" \/><\/a>\n\t\t\t\t\t\t\t\t\t\t\t<\/div>\n\t\t\t\t\t\t\t\t\t\t\t\t\t\t\t\t\t\t\t\t<div class=\"post-holder\">\n\t\t\t\t\t\t\t\t\t\t\t<a href=\"https:\/\/colegiotorreanaz.es\/?p=9243\">Entrega de la cruz del monaguillo<\/a>\n\t\t\t\t\t\t\t\t\t\t\t<div class=\"fusion-meta\">\n\t\t\t\t\t\t\t\t\t\t\t\tjulio 2nd, 2026\t\t\t\t\t\t\t\t\t\t\t<\/div>\n\t\t\t\t\t\t\t\t\t\t<\/div>\n\t\t\t\t\t\t\t\t\t<\/li>\n\t\t\t\t\t\t\t\t\t\t\t\t\t\t\t\t\t\t\t\t\t\t\t\t\t\t<li>\n\t\t\t\t\t\t\t\t\t\t\t\t\t\t\t\t\t\t\t\t\t<div class=\"image\">\n\t\t\t\t\t\t\t\t\t\t\t\t<a href=\"https:\/\/colegiotorreanaz.es\/?p=9232\" aria-label=\"Bautizos de adultos\"><img decoding=\"async\" width=\"66\" height=\"66\" src=\"https:\/\/colegiotorreanaz.es\/wp-content\/uploads\/2026\/06\/IMG_1017-66x66.jpg\" class=\"attachment-recent-works-thumbnail size-recent-works-thumbnail wp-post-image\" alt=\"\" srcset=\"https:\/\/colegiotorreanaz.es\/wp-content\/uploads\/2026\/06\/IMG_1017-66x66.jpg 66w, https:\/\/colegiotorreanaz.es\/wp-content\/uploads\/2026\/06\/IMG_1017-150x150.jpg 150w\" sizes=\"(max-width: 66px) 100vw, 66px\" \/><\/a>\n\t\t\t\t\t\t\t\t\t\t\t<\/div>\n\t\t\t\t\t\t\t\t\t\t\t\t\t\t\t\t\t\t\t\t<div class=\"post-holder\">\n\t\t\t\t\t\t\t\t\t\t\t<a href=\"https:\/\/colegiotorreanaz.es\/?p=9232\">Bautizos de adultos<\/a>\n\t\t\t\t\t\t\t\t\t\t\t<div class=\"fusion-meta\">\n\t\t\t\t\t\t\t\t\t\t\t\tjunio 28th, 2026\t\t\t\t\t\t\t\t\t\t\t<\/div>\n\t\t\t\t\t\t\t\t\t\t<\/div>\n\t\t\t\t\t\t\t\t\t<\/li>\n\t\t\t\t\t\t\t\t\t\t\t\t\t\t\t\t\t\t\t\t\t\t\t\t\t\t<li>\n\t\t\t\t\t\t\t\t\t\t\t\t\t\t\t\t\t\t\t\t\t<div class=\"image\">\n\t\t\t\t\t\t\t\t\t\t\t\t<a href=\"https:\/\/colegiotorreanaz.es\/?p=9211\" aria-label=\"Torre\u00e1naz con el Papa Le\u00f3n en Madrid\"><img decoding=\"async\" width=\"66\" height=\"66\" src=\"https:\/\/colegiotorreanaz.es\/wp-content\/uploads\/2026\/06\/Image-20-66x66.jpg\" class=\"attachment-recent-works-thumbnail size-recent-works-thumbnail wp-post-image\" alt=\"\" srcset=\"https:\/\/colegiotorreanaz.es\/wp-content\/uploads\/2026\/06\/Image-20-66x66.jpg 66w, https:\/\/colegiotorreanaz.es\/wp-content\/uploads\/2026\/06\/Image-20-150x150.jpg 150w\" sizes=\"(max-width: 66px) 100vw, 66px\" \/><\/a>\n\t\t\t\t\t\t\t\t\t\t\t<\/div>\n\t\t\t\t\t\t\t\t\t\t\t\t\t\t\t\t\t\t\t\t<div class=\"post-holder\">\n\t\t\t\t\t\t\t\t\t\t\t<a href=\"https:\/\/colegiotorreanaz.es\/?p=9211\">Torre\u00e1naz con el Papa Le\u00f3n en Madrid<\/a>\n\t\t\t\t\t\t\t\t\t\t\t<div class=\"fusion-meta\">\n\t\t\t\t\t\t\t\t\t\t\t\tjunio 10th, 2026\t\t\t\t\t\t\t\t\t\t\t<\/div>\n\t\t\t\t\t\t\t\t\t\t<\/div>\n\t\t\t\t\t\t\t\t\t<\/li>\n\t\t\t\t\t\t\t\t\t\t\t\t\t\t\t\t\t\t\t\t\t\t\t\t\t\t\t\t\t<\/ul>\n\t\t\t\t\t<\/div>\n\t\t\t\t\n\t\t\t\t\t\t\t<\/div>\n\t\t<\/div>\n\t\t<\/section><div class=\"fusion-additional-widget-content\"><\/div><\/div><div class=\"fusion-clearfix\"><\/div><\/div><\/div><\/div><\/div><div class=\"fusion-fullwidth fullwidth-box fusion-builder-row-2 nonhundred-percent-fullwidth non-hundred-percent-height-scrolling\" style=\"background-color: #333c4e;background-position: left top;background-repeat: no-repeat;padding-top:50px;padding-right:0px;padding-bottom:45px;padding-left:0px;margin-bottom: 0px;margin-top: 0px;border-width: 0px 0px 0px 0px;border-color:#e7e4e2;border-style:solid;\" ><div class=\"fusion-builder-row fusion-row\"><div class=\"fusion-layout-column fusion_builder_column fusion-builder-column-2 fusion_builder_column_1_1 1_1 fusion-one-full fusion-column-first fusion-column-last fusion-column-no-min-height\" style=\"margin-top:4%;margin-bottom:3%;\"><div class=\"fusion-column-wrapper fusion-flex-column-wrapper-legacy\" style=\"background-position:left top;background-repeat:no-repeat;-webkit-background-size:cover;-moz-background-size:cover;-o-background-size:cover;background-size:cover;padding: 0px 0px 0px 0px;\"><div class=\"fusion-text fusion-text-2\"><h3 style=\"text-align: center; font-size: 30px; color: #ffffff;\">\u00danete a los <span style=\"color: #f09a3e;\">miles de alumnos<\/span> que han disfrutado de nuestra formaci\u00f3n a lo largo de los 50 a\u00f1os de vida del colegio<\/h3>\n<\/div><div class=\"fusion-sep-clear\"><\/div><div class=\"fusion-separator fusion-full-width-sep\" style=\"margin-left: auto;margin-right: auto;margin-top:-25px;width:100%;\"><\/div><div class=\"fusion-sep-clear\"><\/div><div class=\"fusion-clearfix\"><\/div><\/div><\/div><\/div><\/div>\n<\/p>\n","protected":false},"excerpt":{"rendered":"","protected":false},"author":4,"featured_media":9017,"comment_status":"open","ping_status":"open","sticky":false,"template":"","format":"standard","meta":{"footnotes":""},"categories":[8],"tags":[],"class_list":["post-9016","post","type-post","status-publish","format-standard","has-post-thumbnail","hentry","category-noticias"],"_links":{"self":[{"href":"https:\/\/colegiotorreanaz.es\/index.php?rest_route=\/wp\/v2\/posts\/9016","targetHints":{"allow":["GET"]}}],"collection":[{"href":"https:\/\/colegiotorreanaz.es\/index.php?rest_route=\/wp\/v2\/posts"}],"about":[{"href":"https:\/\/colegiotorreanaz.es\/index.php?rest_route=\/wp\/v2\/types\/post"}],"author":[{"embeddable":true,"href":"https:\/\/colegiotorreanaz.es\/index.php?rest_route=\/wp\/v2\/users\/4"}],"replies":[{"embeddable":true,"href":"https:\/\/colegiotorreanaz.es\/index.php?rest_route=%2Fwp%2Fv2%2Fcomments&post=9016"}],"version-history":[{"count":1,"href":"https:\/\/colegiotorreanaz.es\/index.php?rest_route=\/wp\/v2\/posts\/9016\/revisions"}],"predecessor-version":[{"id":9018,"href":"https:\/\/colegiotorreanaz.es\/index.php?rest_route=\/wp\/v2\/posts\/9016\/revisions\/9018"}],"wp:featuredmedia":[{"embeddable":true,"href":"https:\/\/colegiotorreanaz.es\/index.php?rest_route=\/wp\/v2\/media\/9017"}],"wp:attachment":[{"href":"https:\/\/colegiotorreanaz.es\/index.php?rest_route=%2Fwp%2Fv2%2Fmedia&parent=9016"}],"wp:term":[{"taxonomy":"category","embeddable":true,"href":"https:\/\/colegiotorreanaz.es\/index.php?rest_route=%2Fwp%2Fv2%2Fcategories&post=9016"},{"taxonomy":"post_tag","embeddable":true,"href":"https:\/\/colegiotorreanaz.es\/index.php?rest_route=%2Fwp%2Fv2%2Ftags&post=9016"}],"curies":[{"name":"wp","href":"https:\/\/api.w.org\/{rel}","templated":true}]}}