{"id":7135,"date":"2023-04-22T18:47:41","date_gmt":"2023-04-22T17:47:41","guid":{"rendered":"https:\/\/colegiotorreanaz.es\/?p=7135"},"modified":"2023-04-22T18:47:41","modified_gmt":"2023-04-22T17:47:41","slug":"olimpiada-matematica-2o-eso-2","status":"publish","type":"post","link":"https:\/\/colegiotorreanaz.es\/?p=7135","title":{"rendered":"Olimpiada Matem\u00e1tica 2\u00ba ESO"},"content":{"rendered":"<div class=\"fusion-fullwidth fullwidth-box fusion-builder-row-1 fusion-flex-container nonhundred-percent-fullwidth non-hundred-percent-height-scrolling\" style=\"background-color: rgba(255,255,255,0);background-position: center center;background-repeat: no-repeat;border-width: 0px 0px 0px 0px;border-color:#e7e4e2;border-style:solid;\" ><div class=\"fusion-builder-row fusion-row fusion-flex-align-items-flex-start\" style=\"max-width:1331.2px;margin-left: calc(-4% \/ 2 );margin-right: calc(-4% \/ 2 );\"><div class=\"fusion-layout-column fusion_builder_column fusion-builder-column-0 fusion_builder_column_1_1 1_1 fusion-flex-column\"><div class=\"fusion-column-wrapper fusion-flex-justify-content-flex-start fusion-content-layout-column\" style=\"background-position:left top;background-repeat:no-repeat;-webkit-background-size:cover;-moz-background-size:cover;-o-background-size:cover;background-size:cover;padding: 0px 0px 0px 0px;\"><div class=\"fusion-text fusion-text-1\"><p>Hoy s\u00e1bado 22 de abril ha tenido lugar XXVI Olimpiada Matem\u00e1tica para estudiantes de 2\u00ba de ESO. La actividad est\u00e1 organizada por la Sociedad Matem\u00e1tica de profesores de Cantabria con la colaboraci\u00f3n y el patrocinio de la Facultad de Ciencias de la UC, la Consejer\u00eda de Educaci\u00f3n, Santillana, Casio y Copi Centro. La prueba se desarroll\u00f3 en la Facultad de Ciencias de la Universidad de Cantabria.<\/p>\n<blockquote>\n<p>La Olimpiada Matem\u00e1tica persigue entre otros objetivos potenciar las capacidades de los alumnos en este tipo de tareas y popularizar las matem\u00e1ticas como una actividad formativa, motivadora y divertida.<\/p>\n<\/blockquote>\n<p>Como en a\u00f1os anteriores, tuvo una gran aceptaci\u00f3n: 205 estudiantes de toda Cantabria acudieron a dedicar la ma\u00f1ana a resolver las cinco cuestiones matem\u00e1ticas que se les plantearon. Como corresponde\u00a0 a este tipo de actividad, los cinco problemas pretend\u00edan medir su competencia matem\u00e1tica, m\u00e1s que sus conocimientos en la materia. Este a\u00f1o, la prueba se vertebr\u00f3 alrededor de Blaise Pascal, dado que se cumplen 400 a\u00f1os desde su nacimiento.<\/p>\n<blockquote>\n<p>Resulta muy gratificante que en esta edici\u00f3n once alumnos de nuestro colegio (Naroa Ibarrondo Bilbao, Mar\u00eda Lian Ruiz Garc\u00eda, Diego Negrete Gil, Aitana L\u00f3pez del Cerro, Mar\u00eda Rivas Mart\u00ednez, Sof\u00eda Enr\u00edquez Moreno, Irene Trueba Bonet, Alisson Manrique Pajoy, Jorge Madrazo Bear, Miguel Oliveira Rodrigues y Alberto Matanza Sotas) \u00a0decidieran presentarse a la prueba con tanta ilusi\u00f3n y motivaci\u00f3n.<\/p>\n<\/blockquote>\n<p>El d\u00eda 11 de mayo se publicar\u00e1 la lista de los 50 mejores clasificados y, entre ellos, los diez que obtendr\u00e1n una menci\u00f3n especial. Tambi\u00e9n los tres que representar\u00e1n a Cantabria en la XXXIII Olimpiada Matem\u00e1tica Nacional Junior que, convocada por la Federaci\u00f3n de Sociedades de profesores de Matem\u00e1ticas, se celebrar\u00e1 en Tenerife del 23 al 26 de Junio.<\/p>\n<\/div><style type=\"text\/css\">.fusion-gallery-1 .fusion-gallery-image {border:0px solid #f6f6f6;}<\/style><div class=\"fusion-gallery fusion-gallery-container fusion-grid-3 fusion-columns-total-2 fusion-gallery-layout-grid fusion-gallery-1\" style=\"margin:-5px;\"><div style=\"padding:5px;\" class=\"fusion-grid-column fusion-gallery-column fusion-gallery-column-3 hover-type-none\"><div class=\"fusion-gallery-image\"><a href=\"https:\/\/colegiotorreanaz.es\/wp-content\/uploads\/2023\/04\/olimpiada-matem.-23.jpeg\" rel=\"noreferrer\" data-rel=\"iLightbox[gallery_image_1]\" class=\"fusion-lightbox\" target=\"_self\"><img decoding=\"async\" src=\"https:\/\/colegiotorreanaz.es\/wp-content\/uploads\/2023\/04\/olimpiada-matem.-23.jpeg\" width=\"1512\" height=\"851\" alt=\"\" title=\"olimpiada matem. 23\" aria-label=\"olimpiada matem. 23\" class=\"img-responsive wp-image-7137\" srcset=\"https:\/\/colegiotorreanaz.es\/wp-content\/uploads\/2023\/04\/olimpiada-matem.-23-200x113.jpeg 200w, https:\/\/colegiotorreanaz.es\/wp-content\/uploads\/2023\/04\/olimpiada-matem.-23-400x225.jpeg 400w, https:\/\/colegiotorreanaz.es\/wp-content\/uploads\/2023\/04\/olimpiada-matem.-23-600x338.jpeg 600w, https:\/\/colegiotorreanaz.es\/wp-content\/uploads\/2023\/04\/olimpiada-matem.-23-800x450.jpeg 800w, https:\/\/colegiotorreanaz.es\/wp-content\/uploads\/2023\/04\/olimpiada-matem.-23-1200x675.jpeg 1200w, https:\/\/colegiotorreanaz.es\/wp-content\/uploads\/2023\/04\/olimpiada-matem.-23.jpeg 1512w\" sizes=\"(min-width: 2200px) 100vw, (min-width: 824px) 423px, (min-width: 732px) 635px, (min-width: 640px) 732px, \" \/><\/a><\/div><\/div><div style=\"padding:5px;\" class=\"fusion-grid-column fusion-gallery-column fusion-gallery-column-3 hover-type-none\"><div class=\"fusion-gallery-image\"><a href=\"https:\/\/colegiotorreanaz.es\/wp-content\/uploads\/2023\/04\/olimpiada-mateamtica-23-e1682184999527.jpeg\" rel=\"noreferrer\" data-rel=\"iLightbox[gallery_image_1]\" class=\"fusion-lightbox\" target=\"_self\"><img decoding=\"async\" src=\"https:\/\/colegiotorreanaz.es\/wp-content\/uploads\/2023\/04\/olimpiada-mateamtica-23-e1682184999527.jpeg\" width=\"1024\" height=\"614\" alt=\"\" title=\"olimpiada mateamtica 23\" aria-label=\"olimpiada mateamtica 23\" class=\"img-responsive wp-image-7136\" srcset=\"https:\/\/colegiotorreanaz.es\/wp-content\/uploads\/2023\/04\/olimpiada-mateamtica-23-e1682184999527-200x120.jpeg 200w, https:\/\/colegiotorreanaz.es\/wp-content\/uploads\/2023\/04\/olimpiada-mateamtica-23-e1682184999527-400x240.jpeg 400w, https:\/\/colegiotorreanaz.es\/wp-content\/uploads\/2023\/04\/olimpiada-mateamtica-23-e1682184999527-600x360.jpeg 600w, https:\/\/colegiotorreanaz.es\/wp-content\/uploads\/2023\/04\/olimpiada-mateamtica-23-e1682184999527-800x480.jpeg 800w, https:\/\/colegiotorreanaz.es\/wp-content\/uploads\/2023\/04\/olimpiada-mateamtica-23-e1682184999527.jpeg 1024w\" sizes=\"(min-width: 2200px) 100vw, (min-width: 824px) 423px, (min-width: 732px) 635px, (min-width: 640px) 732px, \" \/><\/a><\/div><\/div><\/div><\/div><style type=\"text\/css\">.fusion-body .fusion-builder-column-0{width:100% !important;margin-top : 0px;margin-bottom : 0px;}.fusion-builder-column-0 > .fusion-column-wrapper {padding-top : 0px !important;padding-right : 0px !important;margin-right : 1.92%;padding-bottom : 0px !important;padding-left : 0px !important;margin-left : 1.92%;}@media only screen and (max-width:1024px) {.fusion-body .fusion-builder-column-0{width:100% !important;}.fusion-builder-column-0 > .fusion-column-wrapper {margin-right : 1.92%;margin-left : 1.92%;}}@media only screen and (max-width:640px) {.fusion-body .fusion-builder-column-0{width:100% !important;}.fusion-builder-column-0 > .fusion-column-wrapper {margin-right : 1.92%;margin-left : 1.92%;}}<\/style><\/div><\/div><style type=\"text\/css\">.fusion-body .fusion-flex-container.fusion-builder-row-1{ padding-top : 0px;margin-top : 0px;padding-right : 0px;padding-bottom : 0px;margin-bottom : 0px;padding-left : 0px;}<\/style><\/div>\n","protected":false},"excerpt":{"rendered":"","protected":false},"author":4,"featured_media":7137,"comment_status":"open","ping_status":"open","sticky":false,"template":"","format":"standard","meta":{"footnotes":""},"categories":[8],"tags":[69,44],"class_list":["post-7135","post","type-post","status-publish","format-standard","has-post-thumbnail","hentry","category-noticias","tag-concurso","tag-eso"],"_links":{"self":[{"href":"https:\/\/colegiotorreanaz.es\/index.php?rest_route=\/wp\/v2\/posts\/7135","targetHints":{"allow":["GET"]}}],"collection":[{"href":"https:\/\/colegiotorreanaz.es\/index.php?rest_route=\/wp\/v2\/posts"}],"about":[{"href":"https:\/\/colegiotorreanaz.es\/index.php?rest_route=\/wp\/v2\/types\/post"}],"author":[{"embeddable":true,"href":"https:\/\/colegiotorreanaz.es\/index.php?rest_route=\/wp\/v2\/users\/4"}],"replies":[{"embeddable":true,"href":"https:\/\/colegiotorreanaz.es\/index.php?rest_route=%2Fwp%2Fv2%2Fcomments&post=7135"}],"version-history":[{"count":2,"href":"https:\/\/colegiotorreanaz.es\/index.php?rest_route=\/wp\/v2\/posts\/7135\/revisions"}],"predecessor-version":[{"id":7140,"href":"https:\/\/colegiotorreanaz.es\/index.php?rest_route=\/wp\/v2\/posts\/7135\/revisions\/7140"}],"wp:featuredmedia":[{"embeddable":true,"href":"https:\/\/colegiotorreanaz.es\/index.php?rest_route=\/wp\/v2\/media\/7137"}],"wp:attachment":[{"href":"https:\/\/colegiotorreanaz.es\/index.php?rest_route=%2Fwp%2Fv2%2Fmedia&parent=7135"}],"wp:term":[{"taxonomy":"category","embeddable":true,"href":"https:\/\/colegiotorreanaz.es\/index.php?rest_route=%2Fwp%2Fv2%2Fcategories&post=7135"},{"taxonomy":"post_tag","embeddable":true,"href":"https:\/\/colegiotorreanaz.es\/index.php?rest_route=%2Fwp%2Fv2%2Ftags&post=7135"}],"curies":[{"name":"wp","href":"https:\/\/api.w.org\/{rel}","templated":true}]}}