{"id":6312,"date":"2022-05-09T20:32:55","date_gmt":"2022-05-09T19:32:55","guid":{"rendered":"https:\/\/colegiotorreanaz.es\/?p=6312"},"modified":"2022-05-09T20:32:55","modified_gmt":"2022-05-09T19:32:55","slug":"visitas-a-la-facultad-de-medicina-y-a-la-universidad-europea-del-atlantico","status":"publish","type":"post","link":"https:\/\/colegiotorreanaz.es\/?p=6312","title":{"rendered":"Visitas a la facultad de medicina y a la Universidad Europea del Atl\u00e1ntico"},"content":{"rendered":"<p><div class=\"fusion-fullwidth fullwidth-box fusion-builder-row-1 nonhundred-percent-fullwidth non-hundred-percent-height-scrolling\" style=\"background-color: rgba(255,255,255,0);background-position: left top;background-repeat: no-repeat;padding-top:0px;padding-right:0px;padding-bottom:80px;padding-left:0px;margin-bottom: 0px;margin-top: 0px;border-width: 0px 0px 0px 0px;border-color:#e7e4e2;border-style:solid;\" ><div class=\"fusion-builder-row fusion-row\"><div class=\"fusion-layout-column fusion_builder_column fusion-builder-column-0 fusion_builder_column_2_3 2_3 fusion-two-third fusion-column-first\" style=\"width:66.666666666667%;width:calc(66.666666666667% - ( ( 5% ) * 0.66666666666667 ) );margin-right: 5%;margin-top:0px;margin-bottom:40px;\"><div class=\"fusion-column-wrapper fusion-flex-column-wrapper-legacy\" style=\"background-position:left top;background-repeat:no-repeat;-webkit-background-size:cover;-moz-background-size:cover;-o-background-size:cover;background-size:cover;padding: 0px 0px 0px 0px;\"><div class=\"fusion-text fusion-text-1\"><p>El pasado martes 26 de abril, los alumnos de 1\u00ba Bachiller CT junto a sus profesoras M.\u00aa Ilusi\u00f3n Alonso y Montse Cobo realizaron dos salidas culturales, la primera de ellas a la Facultad de Medicina de la Universidad de Cantabria y la segunda a la Universidad Europea del Atl\u00e1ntico.<\/p>\n<blockquote>\n<p>La visita a la Facultad de Medicina obedec\u00eda a la invitaci\u00f3n del profesor Jes\u00fas Navas M\u00e9ndez, Doctor en Farmacia y perteneciente al Departamento de Biolog\u00eda Molecular de dicha Facultad, ya que los alumnos de 1\u00ba Bachiller CT que cursan la asignatura de Biolog\u00eda est\u00e1n participando en el Proyecto \u201cFAGOS CONTRA SUPERBACTERIAS\u201d que lidera Jes\u00fas Navas.<\/p>\n<\/blockquote>\n<p>La visita comenz\u00f3 con una brillante charla sobre los fagos y las t\u00e9cnicas empleadas en el laboratorio para tratar de encontrar un bacteri\u00f3fago, a cargo del doctorando Alexis Dorta, miembro del equipo de Jes\u00fas Navas. Continuamos con la visita a los laboratorios donde pudimos observar el crecimiento de algunos fagos en las placas petri. Alexis respondi\u00f3 a todas las preguntas de alumnos y profesoras.<\/p>\n<p>M\u00e1s tarde nos dirigimos a la Universidad Europea del Atl\u00e1ntico, donde el microbi\u00f3logo Jos\u00e9 Ramos Vivas imparti\u00f3 la conferencia \u201cSuperbacterias resistentes a los antibi\u00f3ticos \u00bfc\u00f3mo hemos llegado hasta aqu\u00ed?\u201d. Todos los alumnos mostraron gran inter\u00e9s a las explicaciones dadas por el microbi\u00f3logo y le efectuaron diversas preguntas. Visitamos los laboratorios de microbiolog\u00eda y observamos gracias a potentes microscopios la multiplicaci\u00f3n de algunas bacterias.<\/p>\n<p>Continuamos con la visita del resto de la universidad, audit\u00f3rium, salas de ordenadores, biblioteca, estudio de radio y grabaci\u00f3n, polideportivo, etc.<\/p>\n<p>\u00a1Sin duda alumnos y profesoras disfrutamos mucho de las visitas!<\/p>\n<\/div><div class=\"fusion-sep-clear\"><\/div><div class=\"fusion-separator fusion-has-icon fusion-full-width-sep\" style=\"margin-left: auto;margin-right: auto;margin-top:10px;margin-bottom:15px;width:100%;\"><div class=\"fusion-separator-border sep-single sep-solid\" style=\"border-color:rgba(255,152,0,0.59);border-top-width:1px;\"><\/div><span class=\"icon-wrapper\" style=\"border-color:rgba(255,152,0,0.59);background-color:rgba(255,255,255,0);font-size:16px;width: 1.75em; height: 1.75em;border-width:1px;padding:1px;margin-top:-0.5px\"><i class=\"fa-angle-double-down fas\" style=\"font-size: inherit;color:rgba(255,152,0,0.66);\" aria-hidden=\"true\"><\/i><\/span><div class=\"fusion-separator-border sep-single sep-solid\" style=\"border-color:rgba(255,152,0,0.59);border-top-width:1px;\"><\/div><\/div><div class=\"fusion-sep-clear\"><\/div><style type=\"text\/css\">.fusion-gallery-1 .fusion-gallery-image {border:0px solid #f6f6f6;}<\/style><div class=\"fusion-gallery fusion-gallery-container fusion-grid-3 fusion-columns-total-15 fusion-gallery-layout-grid fusion-gallery-1\" style=\"margin:-7px;\"><div style=\"padding:7.5px;\" class=\"fusion-grid-column fusion-gallery-column fusion-gallery-column-3\"><div class=\"fusion-gallery-image fusion-gallery-image-liftup\"><a href=\"https:\/\/colegiotorreanaz.es\/wp-content\/uploads\/2022\/05\/1-1.jpeg\" rel=\"noreferrer\" data-rel=\"iLightbox[gallery_image_1]\" class=\"fusion-lightbox\" target=\"_self\"><img decoding=\"async\" src=\"https:\/\/colegiotorreanaz.es\/wp-content\/uploads\/2022\/05\/1-1.jpeg\" width=\"1200\" height=\"675\" alt=\"Visita cultural a la universidad\" title=\"1\" aria-label=\"1\" class=\"img-responsive wp-image-6313\" srcset=\"https:\/\/colegiotorreanaz.es\/wp-content\/uploads\/2022\/05\/1-1-200x113.jpeg 200w, https:\/\/colegiotorreanaz.es\/wp-content\/uploads\/2022\/05\/1-1-400x225.jpeg 400w, https:\/\/colegiotorreanaz.es\/wp-content\/uploads\/2022\/05\/1-1-600x338.jpeg 600w, https:\/\/colegiotorreanaz.es\/wp-content\/uploads\/2022\/05\/1-1-800x450.jpeg 800w, https:\/\/colegiotorreanaz.es\/wp-content\/uploads\/2022\/05\/1-1.jpeg 1200w\" sizes=\"(min-width: 2200px) 100vw, (min-width: 824px) 422px, (min-width: 732px) 633px, (min-width: 640px) 732px, \" \/><\/a><\/div><\/div><div style=\"padding:7.5px;\" class=\"fusion-grid-column fusion-gallery-column fusion-gallery-column-3\"><div class=\"fusion-gallery-image fusion-gallery-image-liftup\"><a href=\"https:\/\/colegiotorreanaz.es\/wp-content\/uploads\/2022\/05\/2-1.jpeg\" rel=\"noreferrer\" data-rel=\"iLightbox[gallery_image_1]\" class=\"fusion-lightbox\" target=\"_self\"><img decoding=\"async\" src=\"https:\/\/colegiotorreanaz.es\/wp-content\/uploads\/2022\/05\/2-1.jpeg\" width=\"1134\" height=\"2016\" alt=\"Visita cultural a la universidad\" title=\"2\" aria-label=\"2\" class=\"img-responsive wp-image-6314\" srcset=\"https:\/\/colegiotorreanaz.es\/wp-content\/uploads\/2022\/05\/2-1-200x356.jpeg 200w, https:\/\/colegiotorreanaz.es\/wp-content\/uploads\/2022\/05\/2-1-400x711.jpeg 400w, https:\/\/colegiotorreanaz.es\/wp-content\/uploads\/2022\/05\/2-1-600x1067.jpeg 600w, https:\/\/colegiotorreanaz.es\/wp-content\/uploads\/2022\/05\/2-1-800x1422.jpeg 800w, https:\/\/colegiotorreanaz.es\/wp-content\/uploads\/2022\/05\/2-1.jpeg 1134w\" sizes=\"(min-width: 2200px) 100vw, (min-width: 824px) 422px, (min-width: 732px) 633px, (min-width: 640px) 732px, \" \/><\/a><\/div><\/div><div style=\"padding:7.5px;\" class=\"fusion-grid-column fusion-gallery-column fusion-gallery-column-3\"><div class=\"fusion-gallery-image fusion-gallery-image-liftup\"><a href=\"https:\/\/colegiotorreanaz.es\/wp-content\/uploads\/2022\/05\/3-1.jpeg\" rel=\"noreferrer\" data-rel=\"iLightbox[gallery_image_1]\" class=\"fusion-lightbox\" target=\"_self\"><img decoding=\"async\" src=\"https:\/\/colegiotorreanaz.es\/wp-content\/uploads\/2022\/05\/3-1.jpeg\" width=\"1200\" height=\"675\" alt=\"Visita cultural a la universidad\" title=\"3\" aria-label=\"3\" class=\"img-responsive wp-image-6315\" srcset=\"https:\/\/colegiotorreanaz.es\/wp-content\/uploads\/2022\/05\/3-1-200x113.jpeg 200w, https:\/\/colegiotorreanaz.es\/wp-content\/uploads\/2022\/05\/3-1-400x225.jpeg 400w, https:\/\/colegiotorreanaz.es\/wp-content\/uploads\/2022\/05\/3-1-600x338.jpeg 600w, https:\/\/colegiotorreanaz.es\/wp-content\/uploads\/2022\/05\/3-1-800x450.jpeg 800w, https:\/\/colegiotorreanaz.es\/wp-content\/uploads\/2022\/05\/3-1.jpeg 1200w\" sizes=\"(min-width: 2200px) 100vw, (min-width: 824px) 422px, (min-width: 732px) 633px, (min-width: 640px) 732px, \" \/><\/a><\/div><\/div><div class=\"clearfix\"><\/div><div style=\"padding:7.5px;\" class=\"fusion-grid-column fusion-gallery-column fusion-gallery-column-3\"><div class=\"fusion-gallery-image fusion-gallery-image-liftup\"><a href=\"https:\/\/colegiotorreanaz.es\/wp-content\/uploads\/2022\/05\/4-1.jpeg\" rel=\"noreferrer\" data-rel=\"iLightbox[gallery_image_1]\" class=\"fusion-lightbox\" target=\"_self\"><img decoding=\"async\" src=\"https:\/\/colegiotorreanaz.es\/wp-content\/uploads\/2022\/05\/4-1.jpeg\" width=\"1200\" height=\"675\" alt=\"Visita cultural a la universidad\" title=\"4\" aria-label=\"4\" class=\"img-responsive wp-image-6316\" srcset=\"https:\/\/colegiotorreanaz.es\/wp-content\/uploads\/2022\/05\/4-1-200x113.jpeg 200w, https:\/\/colegiotorreanaz.es\/wp-content\/uploads\/2022\/05\/4-1-400x225.jpeg 400w, https:\/\/colegiotorreanaz.es\/wp-content\/uploads\/2022\/05\/4-1-600x338.jpeg 600w, https:\/\/colegiotorreanaz.es\/wp-content\/uploads\/2022\/05\/4-1-800x450.jpeg 800w, https:\/\/colegiotorreanaz.es\/wp-content\/uploads\/2022\/05\/4-1.jpeg 1200w\" sizes=\"(min-width: 2200px) 100vw, (min-width: 824px) 422px, (min-width: 732px) 633px, (min-width: 640px) 732px, \" \/><\/a><\/div><\/div><div style=\"padding:7.5px;\" class=\"fusion-grid-column fusion-gallery-column fusion-gallery-column-3\"><div class=\"fusion-gallery-image fusion-gallery-image-liftup\"><a href=\"https:\/\/colegiotorreanaz.es\/wp-content\/uploads\/2022\/05\/5-1.jpeg\" rel=\"noreferrer\" data-rel=\"iLightbox[gallery_image_1]\" class=\"fusion-lightbox\" target=\"_self\"><img decoding=\"async\" src=\"https:\/\/colegiotorreanaz.es\/wp-content\/uploads\/2022\/05\/5-1.jpeg\" width=\"1200\" height=\"675\" alt=\"Visita cultural a la universidad\" title=\"5\" aria-label=\"5\" class=\"img-responsive wp-image-6317\" srcset=\"https:\/\/colegiotorreanaz.es\/wp-content\/uploads\/2022\/05\/5-1-200x113.jpeg 200w, https:\/\/colegiotorreanaz.es\/wp-content\/uploads\/2022\/05\/5-1-400x225.jpeg 400w, https:\/\/colegiotorreanaz.es\/wp-content\/uploads\/2022\/05\/5-1-600x338.jpeg 600w, https:\/\/colegiotorreanaz.es\/wp-content\/uploads\/2022\/05\/5-1-800x450.jpeg 800w, https:\/\/colegiotorreanaz.es\/wp-content\/uploads\/2022\/05\/5-1.jpeg 1200w\" sizes=\"(min-width: 2200px) 100vw, (min-width: 824px) 422px, (min-width: 732px) 633px, (min-width: 640px) 732px, \" \/><\/a><\/div><\/div><div style=\"padding:7.5px;\" class=\"fusion-grid-column fusion-gallery-column fusion-gallery-column-3\"><div class=\"fusion-gallery-image fusion-gallery-image-liftup\"><a href=\"https:\/\/colegiotorreanaz.es\/wp-content\/uploads\/2022\/05\/6.jpeg\" rel=\"noreferrer\" data-rel=\"iLightbox[gallery_image_1]\" class=\"fusion-lightbox\" target=\"_self\"><img decoding=\"async\" src=\"https:\/\/colegiotorreanaz.es\/wp-content\/uploads\/2022\/05\/6.jpeg\" width=\"1200\" height=\"675\" alt=\"Visita cultural a la universidad\" title=\"6\" aria-label=\"6\" class=\"img-responsive wp-image-6318\" srcset=\"https:\/\/colegiotorreanaz.es\/wp-content\/uploads\/2022\/05\/6-200x113.jpeg 200w, https:\/\/colegiotorreanaz.es\/wp-content\/uploads\/2022\/05\/6-400x225.jpeg 400w, https:\/\/colegiotorreanaz.es\/wp-content\/uploads\/2022\/05\/6-600x338.jpeg 600w, https:\/\/colegiotorreanaz.es\/wp-content\/uploads\/2022\/05\/6-800x450.jpeg 800w, https:\/\/colegiotorreanaz.es\/wp-content\/uploads\/2022\/05\/6.jpeg 1200w\" sizes=\"(min-width: 2200px) 100vw, (min-width: 824px) 422px, (min-width: 732px) 633px, (min-width: 640px) 732px, \" \/><\/a><\/div><\/div><div class=\"clearfix\"><\/div><div style=\"padding:7.5px;\" class=\"fusion-grid-column fusion-gallery-column fusion-gallery-column-3\"><div class=\"fusion-gallery-image fusion-gallery-image-liftup\"><a href=\"https:\/\/colegiotorreanaz.es\/wp-content\/uploads\/2022\/05\/7.jpeg\" rel=\"noreferrer\" data-rel=\"iLightbox[gallery_image_1]\" class=\"fusion-lightbox\" target=\"_self\"><img decoding=\"async\" src=\"https:\/\/colegiotorreanaz.es\/wp-content\/uploads\/2022\/05\/7.jpeg\" width=\"1200\" height=\"900\" alt=\"Visita cultural a la universidad\" title=\"7\" aria-label=\"7\" class=\"img-responsive wp-image-6319\" srcset=\"https:\/\/colegiotorreanaz.es\/wp-content\/uploads\/2022\/05\/7-200x150.jpeg 200w, https:\/\/colegiotorreanaz.es\/wp-content\/uploads\/2022\/05\/7-400x300.jpeg 400w, https:\/\/colegiotorreanaz.es\/wp-content\/uploads\/2022\/05\/7-600x450.jpeg 600w, https:\/\/colegiotorreanaz.es\/wp-content\/uploads\/2022\/05\/7-800x600.jpeg 800w, https:\/\/colegiotorreanaz.es\/wp-content\/uploads\/2022\/05\/7.jpeg 1200w\" sizes=\"(min-width: 2200px) 100vw, (min-width: 824px) 422px, (min-width: 732px) 633px, (min-width: 640px) 732px, \" \/><\/a><\/div><\/div><div style=\"padding:7.5px;\" class=\"fusion-grid-column fusion-gallery-column fusion-gallery-column-3\"><div class=\"fusion-gallery-image fusion-gallery-image-liftup\"><a href=\"https:\/\/colegiotorreanaz.es\/wp-content\/uploads\/2022\/05\/8.jpeg\" rel=\"noreferrer\" data-rel=\"iLightbox[gallery_image_1]\" class=\"fusion-lightbox\" target=\"_self\"><img decoding=\"async\" src=\"https:\/\/colegiotorreanaz.es\/wp-content\/uploads\/2022\/05\/8.jpeg\" width=\"1200\" height=\"675\" alt=\"Visita cultural a la universidad\" title=\"8\" aria-label=\"8\" class=\"img-responsive wp-image-6320\" srcset=\"https:\/\/colegiotorreanaz.es\/wp-content\/uploads\/2022\/05\/8-200x113.jpeg 200w, https:\/\/colegiotorreanaz.es\/wp-content\/uploads\/2022\/05\/8-400x225.jpeg 400w, https:\/\/colegiotorreanaz.es\/wp-content\/uploads\/2022\/05\/8-600x338.jpeg 600w, https:\/\/colegiotorreanaz.es\/wp-content\/uploads\/2022\/05\/8-800x450.jpeg 800w, https:\/\/colegiotorreanaz.es\/wp-content\/uploads\/2022\/05\/8.jpeg 1200w\" sizes=\"(min-width: 2200px) 100vw, (min-width: 824px) 422px, (min-width: 732px) 633px, (min-width: 640px) 732px, \" \/><\/a><\/div><\/div><div style=\"padding:7.5px;\" class=\"fusion-grid-column fusion-gallery-column fusion-gallery-column-3\"><div class=\"fusion-gallery-image fusion-gallery-image-liftup\"><a href=\"https:\/\/colegiotorreanaz.es\/wp-content\/uploads\/2022\/05\/9.jpeg\" rel=\"noreferrer\" data-rel=\"iLightbox[gallery_image_1]\" class=\"fusion-lightbox\" target=\"_self\"><img decoding=\"async\" src=\"https:\/\/colegiotorreanaz.es\/wp-content\/uploads\/2022\/05\/9.jpeg\" width=\"1200\" height=\"675\" alt=\"Visita cultural a la universidad\" title=\"9\" aria-label=\"9\" class=\"img-responsive wp-image-6321\" srcset=\"https:\/\/colegiotorreanaz.es\/wp-content\/uploads\/2022\/05\/9-200x113.jpeg 200w, https:\/\/colegiotorreanaz.es\/wp-content\/uploads\/2022\/05\/9-400x225.jpeg 400w, https:\/\/colegiotorreanaz.es\/wp-content\/uploads\/2022\/05\/9-600x338.jpeg 600w, https:\/\/colegiotorreanaz.es\/wp-content\/uploads\/2022\/05\/9-800x450.jpeg 800w, https:\/\/colegiotorreanaz.es\/wp-content\/uploads\/2022\/05\/9.jpeg 1200w\" sizes=\"(min-width: 2200px) 100vw, (min-width: 824px) 422px, (min-width: 732px) 633px, (min-width: 640px) 732px, \" \/><\/a><\/div><\/div><div class=\"clearfix\"><\/div><div style=\"padding:7.5px;\" class=\"fusion-grid-column fusion-gallery-column fusion-gallery-column-3\"><div class=\"fusion-gallery-image fusion-gallery-image-liftup\"><a href=\"https:\/\/colegiotorreanaz.es\/wp-content\/uploads\/2022\/05\/10.jpeg\" rel=\"noreferrer\" data-rel=\"iLightbox[gallery_image_1]\" class=\"fusion-lightbox\" target=\"_self\"><img decoding=\"async\" src=\"https:\/\/colegiotorreanaz.es\/wp-content\/uploads\/2022\/05\/10.jpeg\" width=\"1200\" height=\"675\" alt=\"Visita cultural a la universidad\" title=\"10\" aria-label=\"10\" class=\"img-responsive wp-image-6322\" srcset=\"https:\/\/colegiotorreanaz.es\/wp-content\/uploads\/2022\/05\/10-200x113.jpeg 200w, https:\/\/colegiotorreanaz.es\/wp-content\/uploads\/2022\/05\/10-400x225.jpeg 400w, https:\/\/colegiotorreanaz.es\/wp-content\/uploads\/2022\/05\/10-600x338.jpeg 600w, https:\/\/colegiotorreanaz.es\/wp-content\/uploads\/2022\/05\/10-800x450.jpeg 800w, https:\/\/colegiotorreanaz.es\/wp-content\/uploads\/2022\/05\/10.jpeg 1200w\" sizes=\"(min-width: 2200px) 100vw, (min-width: 824px) 422px, (min-width: 732px) 633px, (min-width: 640px) 732px, \" \/><\/a><\/div><\/div><div style=\"padding:7.5px;\" class=\"fusion-grid-column fusion-gallery-column fusion-gallery-column-3\"><div class=\"fusion-gallery-image fusion-gallery-image-liftup\"><a href=\"https:\/\/colegiotorreanaz.es\/wp-content\/uploads\/2022\/05\/11.jpeg\" rel=\"noreferrer\" data-rel=\"iLightbox[gallery_image_1]\" class=\"fusion-lightbox\" target=\"_self\"><img decoding=\"async\" src=\"https:\/\/colegiotorreanaz.es\/wp-content\/uploads\/2022\/05\/11.jpeg\" width=\"1200\" height=\"675\" alt=\"Visita cultural a la universidad\" title=\"11\" aria-label=\"11\" class=\"img-responsive wp-image-6323\" srcset=\"https:\/\/colegiotorreanaz.es\/wp-content\/uploads\/2022\/05\/11-200x113.jpeg 200w, https:\/\/colegiotorreanaz.es\/wp-content\/uploads\/2022\/05\/11-400x225.jpeg 400w, https:\/\/colegiotorreanaz.es\/wp-content\/uploads\/2022\/05\/11-600x338.jpeg 600w, https:\/\/colegiotorreanaz.es\/wp-content\/uploads\/2022\/05\/11-800x450.jpeg 800w, https:\/\/colegiotorreanaz.es\/wp-content\/uploads\/2022\/05\/11.jpeg 1200w\" sizes=\"(min-width: 2200px) 100vw, (min-width: 824px) 422px, (min-width: 732px) 633px, (min-width: 640px) 732px, \" \/><\/a><\/div><\/div><div style=\"padding:7.5px;\" class=\"fusion-grid-column fusion-gallery-column fusion-gallery-column-3\"><div class=\"fusion-gallery-image fusion-gallery-image-liftup\"><a href=\"https:\/\/colegiotorreanaz.es\/wp-content\/uploads\/2022\/05\/12.jpeg\" rel=\"noreferrer\" data-rel=\"iLightbox[gallery_image_1]\" class=\"fusion-lightbox\" target=\"_self\"><img decoding=\"async\" src=\"https:\/\/colegiotorreanaz.es\/wp-content\/uploads\/2022\/05\/12.jpeg\" width=\"1200\" height=\"675\" alt=\"Visita cultural a la universidad\" title=\"12\" aria-label=\"12\" class=\"img-responsive wp-image-6324\" srcset=\"https:\/\/colegiotorreanaz.es\/wp-content\/uploads\/2022\/05\/12-200x113.jpeg 200w, https:\/\/colegiotorreanaz.es\/wp-content\/uploads\/2022\/05\/12-400x225.jpeg 400w, https:\/\/colegiotorreanaz.es\/wp-content\/uploads\/2022\/05\/12-600x338.jpeg 600w, https:\/\/colegiotorreanaz.es\/wp-content\/uploads\/2022\/05\/12-800x450.jpeg 800w, https:\/\/colegiotorreanaz.es\/wp-content\/uploads\/2022\/05\/12.jpeg 1200w\" sizes=\"(min-width: 2200px) 100vw, (min-width: 824px) 422px, (min-width: 732px) 633px, (min-width: 640px) 732px, \" \/><\/a><\/div><\/div><div class=\"clearfix\"><\/div><div style=\"padding:7.5px;\" class=\"fusion-grid-column fusion-gallery-column fusion-gallery-column-3\"><div class=\"fusion-gallery-image fusion-gallery-image-liftup\"><a href=\"https:\/\/colegiotorreanaz.es\/wp-content\/uploads\/2022\/05\/13.jpeg\" rel=\"noreferrer\" data-rel=\"iLightbox[gallery_image_1]\" class=\"fusion-lightbox\" target=\"_self\"><img decoding=\"async\" src=\"https:\/\/colegiotorreanaz.es\/wp-content\/uploads\/2022\/05\/13.jpeg\" width=\"1200\" height=\"675\" alt=\"Visita cultural a la universidad\" title=\"13\" aria-label=\"13\" class=\"img-responsive wp-image-6325\" srcset=\"https:\/\/colegiotorreanaz.es\/wp-content\/uploads\/2022\/05\/13-200x113.jpeg 200w, https:\/\/colegiotorreanaz.es\/wp-content\/uploads\/2022\/05\/13-400x225.jpeg 400w, https:\/\/colegiotorreanaz.es\/wp-content\/uploads\/2022\/05\/13-600x338.jpeg 600w, https:\/\/colegiotorreanaz.es\/wp-content\/uploads\/2022\/05\/13-800x450.jpeg 800w, https:\/\/colegiotorreanaz.es\/wp-content\/uploads\/2022\/05\/13.jpeg 1200w\" sizes=\"(min-width: 2200px) 100vw, (min-width: 824px) 422px, (min-width: 732px) 633px, (min-width: 640px) 732px, \" \/><\/a><\/div><\/div><div style=\"padding:7.5px;\" class=\"fusion-grid-column fusion-gallery-column fusion-gallery-column-3\"><div class=\"fusion-gallery-image fusion-gallery-image-liftup\"><a href=\"https:\/\/colegiotorreanaz.es\/wp-content\/uploads\/2022\/05\/14.jpeg\" rel=\"noreferrer\" data-rel=\"iLightbox[gallery_image_1]\" class=\"fusion-lightbox\" target=\"_self\"><img decoding=\"async\" src=\"https:\/\/colegiotorreanaz.es\/wp-content\/uploads\/2022\/05\/14.jpeg\" width=\"1200\" height=\"675\" alt=\"Visita cultural a la universidad\" title=\"14\" aria-label=\"14\" class=\"img-responsive wp-image-6326\" srcset=\"https:\/\/colegiotorreanaz.es\/wp-content\/uploads\/2022\/05\/14-200x113.jpeg 200w, https:\/\/colegiotorreanaz.es\/wp-content\/uploads\/2022\/05\/14-400x225.jpeg 400w, https:\/\/colegiotorreanaz.es\/wp-content\/uploads\/2022\/05\/14-600x338.jpeg 600w, https:\/\/colegiotorreanaz.es\/wp-content\/uploads\/2022\/05\/14-800x450.jpeg 800w, https:\/\/colegiotorreanaz.es\/wp-content\/uploads\/2022\/05\/14.jpeg 1200w\" sizes=\"(min-width: 2200px) 100vw, (min-width: 824px) 422px, (min-width: 732px) 633px, (min-width: 640px) 732px, \" \/><\/a><\/div><\/div><div style=\"padding:7.5px;\" class=\"fusion-grid-column fusion-gallery-column fusion-gallery-column-3\"><div class=\"fusion-gallery-image fusion-gallery-image-liftup\"><a href=\"https:\/\/colegiotorreanaz.es\/wp-content\/uploads\/2022\/05\/15.jpeg\" rel=\"noreferrer\" data-rel=\"iLightbox[gallery_image_1]\" class=\"fusion-lightbox\" target=\"_self\"><img decoding=\"async\" src=\"https:\/\/colegiotorreanaz.es\/wp-content\/uploads\/2022\/05\/15.jpeg\" width=\"1200\" height=\"675\" alt=\"Visita cultural a la universidad\" title=\"15\" aria-label=\"15\" class=\"img-responsive wp-image-6327\" srcset=\"https:\/\/colegiotorreanaz.es\/wp-content\/uploads\/2022\/05\/15-200x113.jpeg 200w, https:\/\/colegiotorreanaz.es\/wp-content\/uploads\/2022\/05\/15-400x225.jpeg 400w, https:\/\/colegiotorreanaz.es\/wp-content\/uploads\/2022\/05\/15-600x338.jpeg 600w, https:\/\/colegiotorreanaz.es\/wp-content\/uploads\/2022\/05\/15-800x450.jpeg 800w, https:\/\/colegiotorreanaz.es\/wp-content\/uploads\/2022\/05\/15.jpeg 1200w\" sizes=\"(min-width: 2200px) 100vw, (min-width: 824px) 422px, (min-width: 732px) 633px, (min-width: 640px) 732px, \" \/><\/a><\/div><\/div><div class=\"clearfix\"><\/div><\/div><div class=\"fusion-sep-clear\"><\/div><div class=\"fusion-separator fusion-full-width-sep\" style=\"margin-left: auto;margin-right: auto;margin-top:5px;width:100%;\"><\/div><div class=\"fusion-sep-clear\"><\/div><div class=\"fusion-sharing-box fusion-sharing-box-1 boxed-icons\" style=\"background-color:rgba(250,249,248,0);padding:0;margin-top:60px;\" data-title=\"Visitas a la facultad de medicina y a la Universidad Europea del Atl\u00e1ntico\" data-description=\"El pasado martes 26 de abril, los alumnos de 1\u00ba Bachiller CT junto a sus profesoras M.\u00aa Ilusi\u00f3n Alonso y Montse Cobo realizaron dos salidas culturales, la primera de ellas a la Facultad de Medicina de la Universidad de Cantabria y la segunda a la Universidad Europea del Atl\u00e1ntico.\r\nLa visita a la Facultad de Medicina\" data-link=\"https:\/\/colegiotorreanaz.es\/?p=6312\"><h4 class=\"tagline\" style=\"color:#333c4e;\">Compartir esta noticia<\/h4><div class=\"fusion-social-networks sharingbox-shortcode-icon-wrapper sharingbox-shortcode-icon-wrapper-1 boxed-icons\"><span><a href=\"https:\/\/www.facebook.com\/sharer.php?u=https%3A%2F%2Fcolegiotorreanaz.es%2F%3Fp%3D6312&amp;t=Visitas%20a%20la%20facultad%20de%20medicina%20y%20a%20la%20Universidad%20Europea%20del%20Atl%C3%A1ntico\" target=\"_blank\" rel=\"noreferrer\" title=\"Facebook\" aria-label=\"Facebook\" data-placement=\"top\" data-toggle=\"tooltip\" data-title=\"Facebook\"><i class=\"fusion-social-network-icon fusion-tooltip fusion-facebook awb-icon-facebook\" style=\"color:#ffffff;background-color:#3b5998;border-color:#3b5998;border-radius:4px;\" aria-hidden=\"true\"><\/i><\/a><\/span><span><a href=\"https:\/\/twitter.com\/share?text=Visitas%20a%20la%20facultad%20de%20medicina%20y%20a%20la%20Universidad%20Europea%20del%20Atl%C3%A1ntico&amp;url=https%3A%2F%2Fcolegiotorreanaz.es%2F%3Fp%3D6312\" target=\"_blank\" rel=\"noopener noreferrer\" title=\"Twitter\" aria-label=\"Twitter\" data-placement=\"top\" data-toggle=\"tooltip\" data-title=\"Twitter\"><i class=\"fusion-social-network-icon fusion-tooltip fusion-twitter awb-icon-twitter\" style=\"color:#ffffff;background-color:#55acee;border-color:#55acee;border-radius:4px;\" aria-hidden=\"true\"><\/i><\/a><\/span><span><a href=\"https:\/\/api.whatsapp.com\/send?text=https%3A%2F%2Fcolegiotorreanaz.es%2F%3Fp%3D6312\" target=\"_blank\" rel=\"noopener noreferrer\" title=\"WhatsApp\" aria-label=\"WhatsApp\" data-placement=\"top\" data-toggle=\"tooltip\" data-title=\"WhatsApp\"><i class=\"fusion-social-network-icon fusion-tooltip fusion-whatsapp awb-icon-whatsapp\" style=\"color:#ffffff;background-color:#77e878;border-color:#77e878;border-radius:4px;\" aria-hidden=\"true\"><\/i><\/a><\/span><span><a href=\"https:\/\/pinterest.com\/pin\/create\/button\/?url=https%3A%2F%2Fcolegiotorreanaz.es%2F%3Fp%3D6312&amp;description=El%20pasado%20martes%2026%20de%20abril%2C%20los%20alumnos%20de%201%C2%BA%20Bachiller%20CT%20junto%20a%20sus%20profesoras%20M.%C2%AA%20Ilusi%C3%B3n%20Alonso%20y%20Montse%20Cobo%20realizaron%20dos%20salidas%20culturales%2C%20la%20primera%20de%20ellas%20a%20la%20Facultad%20de%20Medicina%20de%20la%20Universidad%20de%20Cantabria%20y%20la%20segunda%20a%20la%20Universidad%20Europea%20del%20Atl%C3%A1ntico.%0D%0ALa%20visita%20a%20la%20Facultad%20de%20Medicina&amp;media=\" target=\"_blank\" rel=\"noopener noreferrer\" title=\"Pinterest\" aria-label=\"Pinterest\" data-placement=\"top\" data-toggle=\"tooltip\" data-title=\"Pinterest\"><i class=\"fusion-social-network-icon fusion-tooltip fusion-pinterest awb-icon-pinterest\" style=\"color:#ffffff;background-color:#bd081c;border-color:#bd081c;border-radius:4px;\" aria-hidden=\"true\"><\/i><\/a><\/span><span><a href=\"mailto:?subject=Visitas%20a%20la%20facultad%20de%20medicina%20y%20a%20la%20Universidad%20Europea%20del%20Atl%C3%A1ntico&amp;body=https%3A%2F%2Fcolegiotorreanaz.es%2F%3Fp%3D6312\" target=\"_self\" title=\"Correo electr\u00f3nico\" aria-label=\"Correo electr\u00f3nico\" data-placement=\"top\" data-toggle=\"tooltip\" data-title=\"Correo electr\u00f3nico\"><i class=\"fusion-social-network-icon fusion-tooltip fusion-mail awb-icon-mail\" style=\"color:#ffffff;background-color:#000000;border-color:#000000;border-radius:4px;\" aria-hidden=\"true\"><\/i><\/a><\/span><\/div><\/div><style type=\"text\/css\">.fusion-sharing-box-1 h4{margin-bottom:0 !important;}.fusion-sharing-box-1{flex-direction:row !important;}@media only screen and (max-width:1024px){.fusion-sharing-box-1 h4{margin-right:0.5em !important;margin-bottom:0 !important;}.sharingbox-shortcode-icon-wrapper-1{width:auto !important;justify-content:flex-end !important;}.fusion-sharing-box-1{align-items:center !important;} }@media only screen and (max-width:640px){.fusion-sharing-box-1{flex-direction:row !important;align-items:center !important;}.fusion-sharing-box-1 h4{margin-right:0.5em !important;margin-bottom:0 !important;}.sharingbox-shortcode-icon-wrapper-1{width:auto !important;justify-content:space-between !important;} }<\/style><div class=\"fusion-clearfix\"><\/div><\/div><\/div><div class=\"fusion-layout-column fusion_builder_column fusion-builder-column-1 fusion_builder_column_1_3 1_3 fusion-one-third fusion-column-last\" style=\"width:33.333333333333%;width:calc(33.333333333333% - ( ( 5% ) * 0.33333333333333 ) );margin-top:10px;margin-bottom:10px;\"><div class=\"fusion-column-wrapper fusion-flex-column-wrapper-legacy\" style=\"background-position:left top;background-repeat:no-repeat;-webkit-background-size:cover;-moz-background-size:cover;-o-background-size:cover;background-size:cover;background-color:#faf9f8;padding: 7% 7% 7% 7%;\"><div class=\"fusion-widget-area fusion-widget-area-1 fusion-content-widget-area\"><style type=\"text\/css\">.fusion-widget-area-1 {padding:0px 0px 0px 0px;}.fusion-widget-area-1 .widget h4 {color:#333c4e;}.fusion-widget-area-1 .widget .heading h4 {color:#333c4e;}.fusion-widget-area-1 .widget h4 {font-size:18px;}.fusion-widget-area-1 .widget .heading h4 {font-size:18px;}<\/style>\n\t\t<section id=\"recent-posts-2\" class=\"widget widget_recent_entries\">\n\t\t<div class=\"heading\"><h4 class=\"widget-title\">Entradas recientes<\/h4><\/div>\n\t\t<ul>\n\t\t\t\t\t\t\t\t\t\t\t<li>\n\t\t\t\t\t<a href=\"https:\/\/colegiotorreanaz.es\/?p=9243\">Entrega de la cruz del monaguillo<\/a>\n\t\t\t\t\t\t\t\t\t<\/li>\n\t\t\t\t\t\t\t\t\t\t\t<li>\n\t\t\t\t\t<a href=\"https:\/\/colegiotorreanaz.es\/?p=9232\">Bautizos de adultos<\/a>\n\t\t\t\t\t\t\t\t\t<\/li>\n\t\t\t\t\t\t\t\t\t\t\t<li>\n\t\t\t\t\t<a href=\"https:\/\/colegiotorreanaz.es\/?p=9211\">Torre\u00e1naz con el Papa Le\u00f3n en Madrid<\/a>\n\t\t\t\t\t\t\t\t\t<\/li>\n\t\t\t\t\t\t\t\t\t\t\t<li>\n\t\t\t\t\t<a href=\"https:\/\/colegiotorreanaz.es\/?p=9207\">Luis Romero, clasificado en la Olimpiada Matem\u00e1tica<\/a>\n\t\t\t\t\t\t\t\t\t<\/li>\n\t\t\t\t\t\t\t\t\t\t\t<li>\n\t\t\t\t\t<a href=\"https:\/\/colegiotorreanaz.es\/?p=9188\">Pau Redondo de la Flor, campe\u00f3n del V Torneo Master Chess Junior Colegio Torre\u00e1naz<\/a>\n\t\t\t\t\t\t\t\t\t<\/li>\n\t\t\t\t\t<\/ul>\n\n\t\t<\/section><section id=\"archives-2\" class=\"widget widget_archive\"><div class=\"heading\"><h4 class=\"widget-title\">Archivos<\/h4><\/div>\n\t\t\t<ul>\n\t\t\t\t\t<li><a href='https:\/\/colegiotorreanaz.es\/?m=202607'>julio 2026<\/a><\/li>\n\t<li><a href='https:\/\/colegiotorreanaz.es\/?m=202606'>junio 2026<\/a><\/li>\n\t<li><a href='https:\/\/colegiotorreanaz.es\/?m=202605'>mayo 2026<\/a><\/li>\n\t<li><a href='https:\/\/colegiotorreanaz.es\/?m=202604'>abril 2026<\/a><\/li>\n\t<li><a href='https:\/\/colegiotorreanaz.es\/?m=202603'>marzo 2026<\/a><\/li>\n\t<li><a href='https:\/\/colegiotorreanaz.es\/?m=202601'>enero 2026<\/a><\/li>\n\t<li><a href='https:\/\/colegiotorreanaz.es\/?m=202512'>diciembre 2025<\/a><\/li>\n\t<li><a href='https:\/\/colegiotorreanaz.es\/?m=202511'>noviembre 2025<\/a><\/li>\n\t<li><a href='https:\/\/colegiotorreanaz.es\/?m=202510'>octubre 2025<\/a><\/li>\n\t<li><a href='https:\/\/colegiotorreanaz.es\/?m=202509'>septiembre 2025<\/a><\/li>\n\t<li><a href='https:\/\/colegiotorreanaz.es\/?m=202505'>mayo 2025<\/a><\/li>\n\t<li><a href='https:\/\/colegiotorreanaz.es\/?m=202504'>abril 2025<\/a><\/li>\n\t<li><a href='https:\/\/colegiotorreanaz.es\/?m=202503'>marzo 2025<\/a><\/li>\n\t<li><a href='https:\/\/colegiotorreanaz.es\/?m=202501'>enero 2025<\/a><\/li>\n\t<li><a href='https:\/\/colegiotorreanaz.es\/?m=202410'>octubre 2024<\/a><\/li>\n\t<li><a href='https:\/\/colegiotorreanaz.es\/?m=202406'>junio 2024<\/a><\/li>\n\t<li><a href='https:\/\/colegiotorreanaz.es\/?m=202405'>mayo 2024<\/a><\/li>\n\t<li><a href='https:\/\/colegiotorreanaz.es\/?m=202404'>abril 2024<\/a><\/li>\n\t<li><a href='https:\/\/colegiotorreanaz.es\/?m=202403'>marzo 2024<\/a><\/li>\n\t<li><a href='https:\/\/colegiotorreanaz.es\/?m=202402'>febrero 2024<\/a><\/li>\n\t<li><a href='https:\/\/colegiotorreanaz.es\/?m=202401'>enero 2024<\/a><\/li>\n\t<li><a href='https:\/\/colegiotorreanaz.es\/?m=202312'>diciembre 2023<\/a><\/li>\n\t<li><a href='https:\/\/colegiotorreanaz.es\/?m=202311'>noviembre 2023<\/a><\/li>\n\t<li><a href='https:\/\/colegiotorreanaz.es\/?m=202310'>octubre 2023<\/a><\/li>\n\t<li><a href='https:\/\/colegiotorreanaz.es\/?m=202306'>junio 2023<\/a><\/li>\n\t<li><a href='https:\/\/colegiotorreanaz.es\/?m=202305'>mayo 2023<\/a><\/li>\n\t<li><a href='https:\/\/colegiotorreanaz.es\/?m=202304'>abril 2023<\/a><\/li>\n\t<li><a href='https:\/\/colegiotorreanaz.es\/?m=202303'>marzo 2023<\/a><\/li>\n\t<li><a href='https:\/\/colegiotorreanaz.es\/?m=202302'>febrero 2023<\/a><\/li>\n\t<li><a href='https:\/\/colegiotorreanaz.es\/?m=202301'>enero 2023<\/a><\/li>\n\t<li><a href='https:\/\/colegiotorreanaz.es\/?m=202207'>julio 2022<\/a><\/li>\n\t<li><a href='https:\/\/colegiotorreanaz.es\/?m=202206'>junio 2022<\/a><\/li>\n\t<li><a href='https:\/\/colegiotorreanaz.es\/?m=202205'>mayo 2022<\/a><\/li>\n\t<li><a href='https:\/\/colegiotorreanaz.es\/?m=202204'>abril 2022<\/a><\/li>\n\t<li><a href='https:\/\/colegiotorreanaz.es\/?m=202203'>marzo 2022<\/a><\/li>\n\t<li><a href='https:\/\/colegiotorreanaz.es\/?m=202202'>febrero 2022<\/a><\/li>\n\t<li><a href='https:\/\/colegiotorreanaz.es\/?m=202201'>enero 2022<\/a><\/li>\n\t<li><a href='https:\/\/colegiotorreanaz.es\/?m=202111'>noviembre 2021<\/a><\/li>\n\t<li><a href='https:\/\/colegiotorreanaz.es\/?m=202110'>octubre 2021<\/a><\/li>\n\t<li><a href='https:\/\/colegiotorreanaz.es\/?m=202109'>septiembre 2021<\/a><\/li>\n\t<li><a href='https:\/\/colegiotorreanaz.es\/?m=202107'>julio 2021<\/a><\/li>\n\t<li><a href='https:\/\/colegiotorreanaz.es\/?m=202106'>junio 2021<\/a><\/li>\n\t<li><a href='https:\/\/colegiotorreanaz.es\/?m=202105'>mayo 2021<\/a><\/li>\n\t<li><a href='https:\/\/colegiotorreanaz.es\/?m=202104'>abril 2021<\/a><\/li>\n\t<li><a href='https:\/\/colegiotorreanaz.es\/?m=202103'>marzo 2021<\/a><\/li>\n\t<li><a href='https:\/\/colegiotorreanaz.es\/?m=202102'>febrero 2021<\/a><\/li>\n\t<li><a href='https:\/\/colegiotorreanaz.es\/?m=202101'>enero 2021<\/a><\/li>\n\t<li><a href='https:\/\/colegiotorreanaz.es\/?m=202012'>diciembre 2020<\/a><\/li>\n\t<li><a href='https:\/\/colegiotorreanaz.es\/?m=202011'>noviembre 2020<\/a><\/li>\n\t<li><a href='https:\/\/colegiotorreanaz.es\/?m=202010'>octubre 2020<\/a><\/li>\n\t<li><a href='https:\/\/colegiotorreanaz.es\/?m=202009'>septiembre 2020<\/a><\/li>\n\t<li><a href='https:\/\/colegiotorreanaz.es\/?m=202008'>agosto 2020<\/a><\/li>\n\t<li><a href='https:\/\/colegiotorreanaz.es\/?m=202005'>mayo 2020<\/a><\/li>\n\t<li><a href='https:\/\/colegiotorreanaz.es\/?m=202004'>abril 2020<\/a><\/li>\n\t<li><a href='https:\/\/colegiotorreanaz.es\/?m=202003'>marzo 2020<\/a><\/li>\n\t<li><a href='https:\/\/colegiotorreanaz.es\/?m=202002'>febrero 2020<\/a><\/li>\n\t<li><a href='https:\/\/colegiotorreanaz.es\/?m=202001'>enero 2020<\/a><\/li>\n\t<li><a href='https:\/\/colegiotorreanaz.es\/?m=201912'>diciembre 2019<\/a><\/li>\n\t<li><a href='https:\/\/colegiotorreanaz.es\/?m=201911'>noviembre 2019<\/a><\/li>\n\t<li><a href='https:\/\/colegiotorreanaz.es\/?m=201910'>octubre 2019<\/a><\/li>\n\t<li><a href='https:\/\/colegiotorreanaz.es\/?m=201909'>septiembre 2019<\/a><\/li>\n\t<li><a href='https:\/\/colegiotorreanaz.es\/?m=201907'>julio 2019<\/a><\/li>\n\t<li><a href='https:\/\/colegiotorreanaz.es\/?m=201906'>junio 2019<\/a><\/li>\n\t<li><a href='https:\/\/colegiotorreanaz.es\/?m=201905'>mayo 2019<\/a><\/li>\n\t<li><a href='https:\/\/colegiotorreanaz.es\/?m=201904'>abril 2019<\/a><\/li>\n\t<li><a href='https:\/\/colegiotorreanaz.es\/?m=201903'>marzo 2019<\/a><\/li>\n\t<li><a href='https:\/\/colegiotorreanaz.es\/?m=201902'>febrero 2019<\/a><\/li>\n\t<li><a href='https:\/\/colegiotorreanaz.es\/?m=201901'>enero 2019<\/a><\/li>\n\t\t\t<\/ul>\n\n\t\t\t<\/section><section id=\"categories-2\" class=\"widget widget_categories\"><div class=\"heading\"><h4 class=\"widget-title\">Categor\u00edas<\/h4><\/div>\n\t\t\t<ul>\n\t\t\t\t\t<li class=\"cat-item cat-item-35\"><a href=\"https:\/\/colegiotorreanaz.es\/?cat=35\">Actividades<\/a>\n<\/li>\n\t<li class=\"cat-item cat-item-26\"><a href=\"https:\/\/colegiotorreanaz.es\/?cat=26\">Colegio<\/a>\n<\/li>\n\t<li class=\"cat-item cat-item-8\"><a href=\"https:\/\/colegiotorreanaz.es\/?cat=8\">Noticias<\/a>\n<\/li>\n\t<li class=\"cat-item cat-item-91\"><a href=\"https:\/\/colegiotorreanaz.es\/?cat=91\">Proyecto Escuela Embajadora<\/a>\n<\/li>\n\t<li class=\"cat-item cat-item-92\"><a href=\"https:\/\/colegiotorreanaz.es\/?cat=92\">Proyecto eXtadistica<\/a>\n<\/li>\n\t<li class=\"cat-item cat-item-90\"><a href=\"https:\/\/colegiotorreanaz.es\/?cat=90\">Proyecto Finanzas<\/a>\n<\/li>\n\t<li class=\"cat-item cat-item-89\"><a href=\"https:\/\/colegiotorreanaz.es\/?cat=89\">Proyecto Oratoria<\/a>\n<\/li>\n\t<li class=\"cat-item cat-item-34\"><a href=\"https:\/\/colegiotorreanaz.es\/?cat=34\">Proyecto PIIE<\/a>\n<\/li>\n\t<li class=\"cat-item cat-item-88\"><a href=\"https:\/\/colegiotorreanaz.es\/?cat=88\">Proyectos<\/a>\n<\/li>\n\t<li class=\"cat-item cat-item-1\"><a href=\"https:\/\/colegiotorreanaz.es\/?cat=1\">Secretar\u00eda<\/a>\n<\/li>\n\t\t\t<\/ul>\n\n\t\t\t<\/section><section id=\"tag_cloud-2\" class=\"widget widget_tag_cloud\"><div class=\"heading\"><h4 class=\"widget-title\">Nube de Etiquetas<\/h4><\/div><div class=\"tagcloud\"><a href=\"https:\/\/colegiotorreanaz.es\/?tag=50-aniversario\" class=\"tag-cloud-link tag-link-74 tag-link-position-1\" aria-label=\"50 aniversario (12 elementos)\">50 aniversario<span class=\"tag-link-count\"> (12)<\/span><\/a>\n<a href=\"https:\/\/colegiotorreanaz.es\/?tag=actividades-religiosas\" class=\"tag-cloud-link tag-link-60 tag-link-position-2\" aria-label=\"Actividades religiosas (29 elementos)\">Actividades religiosas<span class=\"tag-link-count\"> (29)<\/span><\/a>\n<a href=\"https:\/\/colegiotorreanaz.es\/?tag=bachillerato\" class=\"tag-cloud-link tag-link-51 tag-link-position-3\" aria-label=\"Bachillerato (126 elementos)\">Bachillerato<span class=\"tag-link-count\"> (126)<\/span><\/a>\n<a href=\"https:\/\/colegiotorreanaz.es\/?tag=bienvenida\" class=\"tag-cloud-link tag-link-23 tag-link-position-4\" aria-label=\"Bienvenida (7 elementos)\">Bienvenida<span class=\"tag-link-count\"> (7)<\/span><\/a>\n<a href=\"https:\/\/colegiotorreanaz.es\/?tag=charla\" class=\"tag-cloud-link tag-link-58 tag-link-position-5\" aria-label=\"Charla (21 elementos)\">Charla<span class=\"tag-link-count\"> (21)<\/span><\/a>\n<a href=\"https:\/\/colegiotorreanaz.es\/?tag=ciclos-formativos\" class=\"tag-cloud-link tag-link-59 tag-link-position-6\" aria-label=\"Ciclos formativos (38 elementos)\">Ciclos formativos<span class=\"tag-link-count\"> (38)<\/span><\/a>\n<a href=\"https:\/\/colegiotorreanaz.es\/?tag=ciencias\" class=\"tag-cloud-link tag-link-53 tag-link-position-7\" aria-label=\"Ciencias (53 elementos)\">Ciencias<span class=\"tag-link-count\"> (53)<\/span><\/a>\n<a href=\"https:\/\/colegiotorreanaz.es\/?tag=concurso\" class=\"tag-cloud-link tag-link-69 tag-link-position-8\" aria-label=\"Concurso (47 elementos)\">Concurso<span class=\"tag-link-count\"> (47)<\/span><\/a>\n<a href=\"https:\/\/colegiotorreanaz.es\/?tag=dibujo-tecnico\" class=\"tag-cloud-link tag-link-79 tag-link-position-9\" aria-label=\"Dibujo t\u00e9cnico (3 elementos)\">Dibujo t\u00e9cnico<span class=\"tag-link-count\"> (3)<\/span><\/a>\n<a href=\"https:\/\/colegiotorreanaz.es\/?tag=economia\" class=\"tag-cloud-link tag-link-64 tag-link-position-10\" aria-label=\"Econom\u00eda (49 elementos)\">Econom\u00eda<span class=\"tag-link-count\"> (49)<\/span><\/a>\n<a href=\"https:\/\/colegiotorreanaz.es\/?tag=ed-fisica\" class=\"tag-cloud-link tag-link-96 tag-link-position-11\" aria-label=\"Ed. F\u00edsica (2 elementos)\">Ed. F\u00edsica<span class=\"tag-link-count\"> (2)<\/span><\/a>\n<a href=\"https:\/\/colegiotorreanaz.es\/?tag=eso\" class=\"tag-cloud-link tag-link-44 tag-link-position-12\" aria-label=\"ESO (186 elementos)\">ESO<span class=\"tag-link-count\"> (186)<\/span><\/a>\n<a href=\"https:\/\/colegiotorreanaz.es\/?tag=eventos\" class=\"tag-cloud-link tag-link-71 tag-link-position-13\" aria-label=\"Eventos (29 elementos)\">Eventos<span class=\"tag-link-count\"> (29)<\/span><\/a>\n<a href=\"https:\/\/colegiotorreanaz.es\/?tag=exposiciones\" class=\"tag-cloud-link tag-link-50 tag-link-position-14\" aria-label=\"exposiciones (26 elementos)\">exposiciones<span class=\"tag-link-count\"> (26)<\/span><\/a>\n<a href=\"https:\/\/colegiotorreanaz.es\/?tag=familia\" class=\"tag-cloud-link tag-link-73 tag-link-position-15\" aria-label=\"Familia (13 elementos)\">Familia<span class=\"tag-link-count\"> (13)<\/span><\/a>\n<a href=\"https:\/\/colegiotorreanaz.es\/?tag=frances\" class=\"tag-cloud-link tag-link-97 tag-link-position-16\" aria-label=\"Franc\u00e9s (6 elementos)\">Franc\u00e9s<span class=\"tag-link-count\"> (6)<\/span><\/a>\n<a href=\"https:\/\/colegiotorreanaz.es\/?tag=geografia-e-historia\" class=\"tag-cloud-link tag-link-68 tag-link-position-17\" aria-label=\"Geograf\u00eda e Historia (17 elementos)\">Geograf\u00eda e Historia<span class=\"tag-link-count\"> (17)<\/span><\/a>\n<a href=\"https:\/\/colegiotorreanaz.es\/?tag=infantil\" class=\"tag-cloud-link tag-link-54 tag-link-position-18\" aria-label=\"Infantil (74 elementos)\">Infantil<span class=\"tag-link-count\"> (74)<\/span><\/a>\n<a href=\"https:\/\/colegiotorreanaz.es\/?tag=informacion\" class=\"tag-cloud-link tag-link-63 tag-link-position-19\" aria-label=\"Informaci\u00f3n (8 elementos)\">Informaci\u00f3n<span class=\"tag-link-count\"> (8)<\/span><\/a>\n<a href=\"https:\/\/colegiotorreanaz.es\/?tag=informatica\" class=\"tag-cloud-link tag-link-52 tag-link-position-20\" aria-label=\"Inform\u00e1tica (31 elementos)\">Inform\u00e1tica<span class=\"tag-link-count\"> (31)<\/span><\/a>\n<a href=\"https:\/\/colegiotorreanaz.es\/?tag=ingles\" class=\"tag-cloud-link tag-link-45 tag-link-position-21\" aria-label=\"Ingl\u00e9s (35 elementos)\">Ingl\u00e9s<span class=\"tag-link-count\"> (35)<\/span><\/a>\n<a href=\"https:\/\/colegiotorreanaz.es\/?tag=instalaciones\" class=\"tag-cloud-link tag-link-81 tag-link-position-22\" aria-label=\"Instalaciones (2 elementos)\">Instalaciones<span class=\"tag-link-count\"> (2)<\/span><\/a>\n<a href=\"https:\/\/colegiotorreanaz.es\/?tag=jornadas\" class=\"tag-cloud-link tag-link-46 tag-link-position-23\" aria-label=\"Jornadas (36 elementos)\">Jornadas<span class=\"tag-link-count\"> (36)<\/span><\/a>\n<a href=\"https:\/\/colegiotorreanaz.es\/?tag=laboratorio\" class=\"tag-cloud-link tag-link-56 tag-link-position-24\" aria-label=\"Laboratorio (17 elementos)\">Laboratorio<span class=\"tag-link-count\"> (17)<\/span><\/a>\n<a href=\"https:\/\/colegiotorreanaz.es\/?tag=lengua\" class=\"tag-cloud-link tag-link-55 tag-link-position-25\" aria-label=\"Lengua (18 elementos)\">Lengua<span class=\"tag-link-count\"> (18)<\/span><\/a>\n<a href=\"https:\/\/colegiotorreanaz.es\/?tag=lenguas-extranjeras\" class=\"tag-cloud-link tag-link-70 tag-link-position-26\" aria-label=\"Lenguas extranjeras (30 elementos)\">Lenguas extranjeras<span class=\"tag-link-count\"> (30)<\/span><\/a>\n<a href=\"https:\/\/colegiotorreanaz.es\/?tag=matematicas\" class=\"tag-cloud-link tag-link-49 tag-link-position-27\" aria-label=\"Matem\u00e1ticas (71 elementos)\">Matem\u00e1ticas<span class=\"tag-link-count\"> (71)<\/span><\/a>\n<a href=\"https:\/\/colegiotorreanaz.es\/?tag=meteoescuela\" class=\"tag-cloud-link tag-link-83 tag-link-position-28\" aria-label=\"meteoescuela (5 elementos)\">meteoescuela<span class=\"tag-link-count\"> (5)<\/span><\/a>\n<a href=\"https:\/\/colegiotorreanaz.es\/?tag=museo\" class=\"tag-cloud-link tag-link-42 tag-link-position-29\" aria-label=\"museo (4 elementos)\">museo<span class=\"tag-link-count\"> (4)<\/span><\/a>\n<a href=\"https:\/\/colegiotorreanaz.es\/?tag=musica\" class=\"tag-cloud-link tag-link-76 tag-link-position-30\" aria-label=\"M\u00fasica (4 elementos)\">M\u00fasica<span class=\"tag-link-count\"> (4)<\/span><\/a>\n<a href=\"https:\/\/colegiotorreanaz.es\/?tag=piie\" class=\"tag-cloud-link tag-link-67 tag-link-position-31\" aria-label=\"PIIE (7 elementos)\">PIIE<span class=\"tag-link-count\"> (7)<\/span><\/a>\n<a href=\"https:\/\/colegiotorreanaz.es\/?tag=plastica\" class=\"tag-cloud-link tag-link-43 tag-link-position-32\" aria-label=\"Pl\u00e1stica (21 elementos)\">Pl\u00e1stica<span class=\"tag-link-count\"> (21)<\/span><\/a>\n<a href=\"https:\/\/colegiotorreanaz.es\/?tag=premios\" class=\"tag-cloud-link tag-link-72 tag-link-position-33\" aria-label=\"premios (19 elementos)\">premios<span class=\"tag-link-count\"> (19)<\/span><\/a>\n<a href=\"https:\/\/colegiotorreanaz.es\/?tag=primaria\" class=\"tag-cloud-link tag-link-40 tag-link-position-34\" aria-label=\"Primaria (96 elementos)\">Primaria<span class=\"tag-link-count\"> (96)<\/span><\/a>\n<a href=\"https:\/\/colegiotorreanaz.es\/?tag=proyecto-nutricion\" class=\"tag-cloud-link tag-link-87 tag-link-position-35\" aria-label=\"Proyecto Nutrici\u00f3n (2 elementos)\">Proyecto Nutrici\u00f3n<span class=\"tag-link-count\"> (2)<\/span><\/a>\n<a href=\"https:\/\/colegiotorreanaz.es\/?tag=proyecto-oratoria\" class=\"tag-cloud-link tag-link-86 tag-link-position-36\" aria-label=\"Proyecto Oratoria (4 elementos)\">Proyecto Oratoria<span class=\"tag-link-count\"> (4)<\/span><\/a>\n<a href=\"https:\/\/colegiotorreanaz.es\/?tag=proyectos\" class=\"tag-cloud-link tag-link-85 tag-link-position-37\" aria-label=\"Proyectos (158 elementos)\">Proyectos<span class=\"tag-link-count\"> (158)<\/span><\/a>\n<a href=\"https:\/\/colegiotorreanaz.es\/?tag=reciclaje\" class=\"tag-cloud-link tag-link-37 tag-link-position-38\" aria-label=\"reciclaje (7 elementos)\">reciclaje<span class=\"tag-link-count\"> (7)<\/span><\/a>\n<a href=\"https:\/\/colegiotorreanaz.es\/?tag=religion\" class=\"tag-cloud-link tag-link-57 tag-link-position-39\" aria-label=\"religi\u00f3n (13 elementos)\">religi\u00f3n<span class=\"tag-link-count\"> (13)<\/span><\/a>\n<a href=\"https:\/\/colegiotorreanaz.es\/?tag=salidas\" class=\"tag-cloud-link tag-link-41 tag-link-position-40\" aria-label=\"salidas (18 elementos)\">salidas<span class=\"tag-link-count\"> (18)<\/span><\/a>\n<a href=\"https:\/\/colegiotorreanaz.es\/?tag=salidas-culturales\" class=\"tag-cloud-link tag-link-38 tag-link-position-41\" aria-label=\"Salidas culturales (9 elementos)\">Salidas culturales<span class=\"tag-link-count\"> (9)<\/span><\/a>\n<a href=\"https:\/\/colegiotorreanaz.es\/?tag=sociales\" class=\"tag-cloud-link tag-link-75 tag-link-position-42\" aria-label=\"Sociales (8 elementos)\">Sociales<span class=\"tag-link-count\"> (8)<\/span><\/a>\n<a href=\"https:\/\/colegiotorreanaz.es\/?tag=taller\" class=\"tag-cloud-link tag-link-65 tag-link-position-43\" aria-label=\"Taller (4 elementos)\">Taller<span class=\"tag-link-count\"> (4)<\/span><\/a>\n<a href=\"https:\/\/colegiotorreanaz.es\/?tag=torreanin\" class=\"tag-cloud-link tag-link-47 tag-link-position-44\" aria-label=\"Torrean\u00edn (10 elementos)\">Torrean\u00edn<span class=\"tag-link-count\"> (10)<\/span><\/a>\n<a href=\"https:\/\/colegiotorreanaz.es\/?tag=trabajo\" class=\"tag-cloud-link tag-link-39 tag-link-position-45\" aria-label=\"Trabajo (10 elementos)\">Trabajo<span class=\"tag-link-count\"> (10)<\/span><\/a><\/div>\n<\/section><section id=\"pyre_tabs-widget-2\" class=\"widget fusion-tabs-widget\">\t\t<div class=\"fusion-tabs-widget-wrapper fusion-tabs-widget-2 fusion-tabs-classic fusion-tabs-image-default tab-holder\">\n\t\t\t<nav class=\"fusion-tabs-nav\">\n\t\t\t\t<ul class=\"tabset tabs\">\n\n\t\t\t\t\t\t\t\t\t\t\t<li class=\"active\"><a href=\"#\" data-link=\"fusion-tab-popular\">Popular<\/a><\/li>\n\t\t\t\t\t\n\t\t\t\t\t\t\t\t\t\t\t<li><a href=\"#\" data-link=\"fusion-tab-recent\">Recent<\/a><\/li>\n\t\t\t\t\t\n\t\t\t\t\t\n\t\t\t\t<\/ul>\n\t\t\t<\/nav>\n\n\t\t\t<div class=\"fusion-tabs-widget-content tab-box tabs-container\">\n\n\t\t\t\t\n\t\t\t\t\t<div class=\"fusion-tab-popular fusion-tab-content tab tab_content\" data-name=\"fusion-tab-popular\">\n\t\t\t\t\t\t\n\t\t\t\t\t\t<ul class=\"fusion-tabs-widget-items news-list\">\n\t\t\t\t\t\t\t\t\t\t\t\t\t\t\t\t\t\t\t\t\t\t\t\t\t\t\t\t\t\t\t\t\t<li>\n\t\t\t\t\t\t\t\t\t\t\t\t\t\t\t\t\t\t\t\t\t<div class=\"image\">\n\t\t\t\t\t\t\t\t\t\t\t\t<a href=\"https:\/\/colegiotorreanaz.es\/?p=2374\" aria-label=\"Bienvenidos al blog de Torre\u00e1naz\"><img decoding=\"async\" width=\"66\" height=\"66\" src=\"https:\/\/colegiotorreanaz.es\/wp-content\/uploads\/2019\/01\/mini_cocienros-primaria1-66x66.jpg\" class=\"attachment-recent-works-thumbnail size-recent-works-thumbnail wp-post-image\" alt=\"Alumnos cocinando\" srcset=\"https:\/\/colegiotorreanaz.es\/wp-content\/uploads\/2019\/01\/mini_cocienros-primaria1-66x66.jpg 66w, https:\/\/colegiotorreanaz.es\/wp-content\/uploads\/2019\/01\/mini_cocienros-primaria1-150x150.jpg 150w\" sizes=\"(max-width: 66px) 100vw, 66px\" \/><\/a>\n\t\t\t\t\t\t\t\t\t\t\t<\/div>\n\t\t\t\t\t\t\t\t\t\t\n\t\t\t\t\t\t\t\t\t\t<div class=\"post-holder\">\n\t\t\t\t\t\t\t\t\t\t\t<a href=\"https:\/\/colegiotorreanaz.es\/?p=2374\">Bienvenidos al blog de Torre\u00e1naz<\/a>\n\t\t\t\t\t\t\t\t\t\t\t<div class=\"fusion-meta\">\n\t\t\t\t\t\t\t\t\t\t\t\tenero 30th, 2019\t\t\t\t\t\t\t\t\t\t\t<\/div>\n\t\t\t\t\t\t\t\t\t\t<\/div>\n\t\t\t\t\t\t\t\t\t<\/li>\n\t\t\t\t\t\t\t\t\t\t\t\t\t\t\t\t\t\t\t\t\t\t\t\t\t\t<li>\n\t\t\t\t\t\t\t\t\t\t\n\t\t\t\t\t\t\t\t\t\t<div class=\"post-holder\">\n\t\t\t\t\t\t\t\t\t\t\t<a href=\"https:\/\/colegiotorreanaz.es\/?p=3893\">Plataforma MOODLE<\/a>\n\t\t\t\t\t\t\t\t\t\t\t<div class=\"fusion-meta\">\n\t\t\t\t\t\t\t\t\t\t\t\tmarzo 18th, 2020\t\t\t\t\t\t\t\t\t\t\t<\/div>\n\t\t\t\t\t\t\t\t\t\t<\/div>\n\t\t\t\t\t\t\t\t\t<\/li>\n\t\t\t\t\t\t\t\t\t\t\t\t\t\t\t\t\t\t\t\t\t\t\t\t\t\t<li>\n\t\t\t\t\t\t\t\t\t\t\t\t\t\t\t\t\t\t\t\t\t<div class=\"image\">\n\t\t\t\t\t\t\t\t\t\t\t\t<a href=\"https:\/\/colegiotorreanaz.es\/?p=2517\" aria-label=\"Experimento del aparato respiratorio 6\u00ba Primaria\"><img decoding=\"async\" width=\"66\" height=\"66\" src=\"https:\/\/colegiotorreanaz.es\/wp-content\/uploads\/2019\/02\/mini_IMG_9645-66x66.jpg\" class=\"attachment-recent-works-thumbnail size-recent-works-thumbnail wp-post-image\" alt=\"\" srcset=\"https:\/\/colegiotorreanaz.es\/wp-content\/uploads\/2019\/02\/mini_IMG_9645-66x66.jpg 66w, https:\/\/colegiotorreanaz.es\/wp-content\/uploads\/2019\/02\/mini_IMG_9645-150x150.jpg 150w\" sizes=\"(max-width: 66px) 100vw, 66px\" \/><\/a>\n\t\t\t\t\t\t\t\t\t\t\t<\/div>\n\t\t\t\t\t\t\t\t\t\t\n\t\t\t\t\t\t\t\t\t\t<div class=\"post-holder\">\n\t\t\t\t\t\t\t\t\t\t\t<a href=\"https:\/\/colegiotorreanaz.es\/?p=2517\">Experimento del aparato respiratorio 6\u00ba Primaria<\/a>\n\t\t\t\t\t\t\t\t\t\t\t<div class=\"fusion-meta\">\n\t\t\t\t\t\t\t\t\t\t\t\tfebrero 7th, 2019\t\t\t\t\t\t\t\t\t\t\t<\/div>\n\t\t\t\t\t\t\t\t\t\t<\/div>\n\t\t\t\t\t\t\t\t\t<\/li>\n\t\t\t\t\t\t\t\t\n\t\t\t\t\t\t\t\t\t\t\t\t\t\t\t\t\t\t\t\t\t<\/ul>\n\t\t\t\t\t<\/div>\n\n\t\t\t\t\n\t\t\t\t\n\t\t\t\t\t<div class=\"fusion-tab-recent fusion-tab-content tab tab_content\" data-name=\"fusion-tab-recent\" style=\"display: none;\">\n\n\t\t\t\t\t\t\n\t\t\t\t\t\t<ul class=\"fusion-tabs-widget-items news-list\">\n\t\t\t\t\t\t\t\t\t\t\t\t\t\t\t\t\t\t\t\t\t\t\t\t\t\t\t\t\t\t\t\t\t<li>\n\t\t\t\t\t\t\t\t\t\t\t\t\t\t\t\t\t\t\t\t\t<div class=\"image\">\n\t\t\t\t\t\t\t\t\t\t\t\t<a href=\"https:\/\/colegiotorreanaz.es\/?p=9243\" aria-label=\"Entrega de la cruz del monaguillo\"><img decoding=\"async\" width=\"66\" height=\"66\" src=\"https:\/\/colegiotorreanaz.es\/wp-content\/uploads\/2026\/07\/111_0423-1-66x66.jpg\" class=\"attachment-recent-works-thumbnail size-recent-works-thumbnail wp-post-image\" alt=\"\" srcset=\"https:\/\/colegiotorreanaz.es\/wp-content\/uploads\/2026\/07\/111_0423-1-66x66.jpg 66w, https:\/\/colegiotorreanaz.es\/wp-content\/uploads\/2026\/07\/111_0423-1-150x150.jpg 150w\" sizes=\"(max-width: 66px) 100vw, 66px\" \/><\/a>\n\t\t\t\t\t\t\t\t\t\t\t<\/div>\n\t\t\t\t\t\t\t\t\t\t\t\t\t\t\t\t\t\t\t\t<div class=\"post-holder\">\n\t\t\t\t\t\t\t\t\t\t\t<a href=\"https:\/\/colegiotorreanaz.es\/?p=9243\">Entrega de la cruz del monaguillo<\/a>\n\t\t\t\t\t\t\t\t\t\t\t<div class=\"fusion-meta\">\n\t\t\t\t\t\t\t\t\t\t\t\tjulio 2nd, 2026\t\t\t\t\t\t\t\t\t\t\t<\/div>\n\t\t\t\t\t\t\t\t\t\t<\/div>\n\t\t\t\t\t\t\t\t\t<\/li>\n\t\t\t\t\t\t\t\t\t\t\t\t\t\t\t\t\t\t\t\t\t\t\t\t\t\t<li>\n\t\t\t\t\t\t\t\t\t\t\t\t\t\t\t\t\t\t\t\t\t<div class=\"image\">\n\t\t\t\t\t\t\t\t\t\t\t\t<a href=\"https:\/\/colegiotorreanaz.es\/?p=9232\" aria-label=\"Bautizos de adultos\"><img decoding=\"async\" width=\"66\" height=\"66\" src=\"https:\/\/colegiotorreanaz.es\/wp-content\/uploads\/2026\/06\/IMG_1017-66x66.jpg\" class=\"attachment-recent-works-thumbnail size-recent-works-thumbnail wp-post-image\" alt=\"\" srcset=\"https:\/\/colegiotorreanaz.es\/wp-content\/uploads\/2026\/06\/IMG_1017-66x66.jpg 66w, https:\/\/colegiotorreanaz.es\/wp-content\/uploads\/2026\/06\/IMG_1017-150x150.jpg 150w\" sizes=\"(max-width: 66px) 100vw, 66px\" \/><\/a>\n\t\t\t\t\t\t\t\t\t\t\t<\/div>\n\t\t\t\t\t\t\t\t\t\t\t\t\t\t\t\t\t\t\t\t<div class=\"post-holder\">\n\t\t\t\t\t\t\t\t\t\t\t<a href=\"https:\/\/colegiotorreanaz.es\/?p=9232\">Bautizos de adultos<\/a>\n\t\t\t\t\t\t\t\t\t\t\t<div class=\"fusion-meta\">\n\t\t\t\t\t\t\t\t\t\t\t\tjunio 28th, 2026\t\t\t\t\t\t\t\t\t\t\t<\/div>\n\t\t\t\t\t\t\t\t\t\t<\/div>\n\t\t\t\t\t\t\t\t\t<\/li>\n\t\t\t\t\t\t\t\t\t\t\t\t\t\t\t\t\t\t\t\t\t\t\t\t\t\t<li>\n\t\t\t\t\t\t\t\t\t\t\t\t\t\t\t\t\t\t\t\t\t<div class=\"image\">\n\t\t\t\t\t\t\t\t\t\t\t\t<a href=\"https:\/\/colegiotorreanaz.es\/?p=9211\" aria-label=\"Torre\u00e1naz con el Papa Le\u00f3n en Madrid\"><img decoding=\"async\" width=\"66\" height=\"66\" src=\"https:\/\/colegiotorreanaz.es\/wp-content\/uploads\/2026\/06\/Image-20-66x66.jpg\" class=\"attachment-recent-works-thumbnail size-recent-works-thumbnail wp-post-image\" alt=\"\" srcset=\"https:\/\/colegiotorreanaz.es\/wp-content\/uploads\/2026\/06\/Image-20-66x66.jpg 66w, https:\/\/colegiotorreanaz.es\/wp-content\/uploads\/2026\/06\/Image-20-150x150.jpg 150w\" sizes=\"(max-width: 66px) 100vw, 66px\" \/><\/a>\n\t\t\t\t\t\t\t\t\t\t\t<\/div>\n\t\t\t\t\t\t\t\t\t\t\t\t\t\t\t\t\t\t\t\t<div class=\"post-holder\">\n\t\t\t\t\t\t\t\t\t\t\t<a href=\"https:\/\/colegiotorreanaz.es\/?p=9211\">Torre\u00e1naz con el Papa Le\u00f3n en Madrid<\/a>\n\t\t\t\t\t\t\t\t\t\t\t<div class=\"fusion-meta\">\n\t\t\t\t\t\t\t\t\t\t\t\tjunio 10th, 2026\t\t\t\t\t\t\t\t\t\t\t<\/div>\n\t\t\t\t\t\t\t\t\t\t<\/div>\n\t\t\t\t\t\t\t\t\t<\/li>\n\t\t\t\t\t\t\t\t\t\t\t\t\t\t\t\t\t\t\t\t\t\t\t\t\t\t\t\t\t<\/ul>\n\t\t\t\t\t<\/div>\n\t\t\t\t\n\t\t\t\t\t\t\t<\/div>\n\t\t<\/div>\n\t\t<\/section><div class=\"fusion-additional-widget-content\"><\/div><\/div><div class=\"fusion-clearfix\"><\/div><\/div><\/div><\/div><\/div><div class=\"fusion-fullwidth fullwidth-box fusion-builder-row-2 nonhundred-percent-fullwidth non-hundred-percent-height-scrolling\" style=\"background-color: #333c4e;background-position: left top;background-repeat: no-repeat;padding-top:50px;padding-right:0px;padding-bottom:45px;padding-left:0px;margin-bottom: 0px;margin-top: 0px;border-width: 0px 0px 0px 0px;border-color:#e7e4e2;border-style:solid;\" ><div class=\"fusion-builder-row fusion-row\"><div class=\"fusion-layout-column fusion_builder_column fusion-builder-column-2 fusion_builder_column_1_1 1_1 fusion-one-full fusion-column-first fusion-column-last fusion-column-no-min-height\" style=\"margin-top:4%;margin-bottom:3%;\"><div class=\"fusion-column-wrapper fusion-flex-column-wrapper-legacy\" style=\"background-position:left top;background-repeat:no-repeat;-webkit-background-size:cover;-moz-background-size:cover;-o-background-size:cover;background-size:cover;padding: 0px 0px 0px 0px;\"><div class=\"fusion-text fusion-text-2\"><h3 style=\"text-align: center; font-size: 30px; color: #ffffff;\">\u00danete a los <span style=\"color: #f09a3e;\">miles de alumnos<\/span> que han disfrutado de nuestra formaci\u00f3n a lo largo de los 50 a\u00f1os de vida del colegio<\/h3>\n<\/div><div class=\"fusion-sep-clear\"><\/div><div class=\"fusion-separator fusion-full-width-sep\" style=\"margin-left: auto;margin-right: auto;margin-top:-25px;width:100%;\"><\/div><div class=\"fusion-sep-clear\"><\/div><div class=\"fusion-clearfix\"><\/div><\/div><\/div><\/div><\/div>\n<\/p>\n","protected":false},"excerpt":{"rendered":"","protected":false},"author":1,"featured_media":6325,"comment_status":"open","ping_status":"open","sticky":false,"template":"","format":"standard","meta":{"footnotes":""},"categories":[8],"tags":[51,53,38],"class_list":["post-6312","post","type-post","status-publish","format-standard","has-post-thumbnail","hentry","category-noticias","tag-bachillerato","tag-ciencias","tag-salidas-culturales"],"_links":{"self":[{"href":"https:\/\/colegiotorreanaz.es\/index.php?rest_route=\/wp\/v2\/posts\/6312","targetHints":{"allow":["GET"]}}],"collection":[{"href":"https:\/\/colegiotorreanaz.es\/index.php?rest_route=\/wp\/v2\/posts"}],"about":[{"href":"https:\/\/colegiotorreanaz.es\/index.php?rest_route=\/wp\/v2\/types\/post"}],"author":[{"embeddable":true,"href":"https:\/\/colegiotorreanaz.es\/index.php?rest_route=\/wp\/v2\/users\/1"}],"replies":[{"embeddable":true,"href":"https:\/\/colegiotorreanaz.es\/index.php?rest_route=%2Fwp%2Fv2%2Fcomments&post=6312"}],"version-history":[{"count":1,"href":"https:\/\/colegiotorreanaz.es\/index.php?rest_route=\/wp\/v2\/posts\/6312\/revisions"}],"predecessor-version":[{"id":6328,"href":"https:\/\/colegiotorreanaz.es\/index.php?rest_route=\/wp\/v2\/posts\/6312\/revisions\/6328"}],"wp:featuredmedia":[{"embeddable":true,"href":"https:\/\/colegiotorreanaz.es\/index.php?rest_route=\/wp\/v2\/media\/6325"}],"wp:attachment":[{"href":"https:\/\/colegiotorreanaz.es\/index.php?rest_route=%2Fwp%2Fv2%2Fmedia&parent=6312"}],"wp:term":[{"taxonomy":"category","embeddable":true,"href":"https:\/\/colegiotorreanaz.es\/index.php?rest_route=%2Fwp%2Fv2%2Fcategories&post=6312"},{"taxonomy":"post_tag","embeddable":true,"href":"https:\/\/colegiotorreanaz.es\/index.php?rest_route=%2Fwp%2Fv2%2Ftags&post=6312"}],"curies":[{"name":"wp","href":"https:\/\/api.w.org\/{rel}","templated":true}]}}